{"id":811,"date":"2020-01-25T14:34:40","date_gmt":"2020-01-25T12:34:40","guid":{"rendered":"http:\/\/fahr-laessig.net\/?p=811"},"modified":"2020-01-25T14:43:23","modified_gmt":"2020-01-25T12:43:23","slug":"das-ende-europas","status":"publish","type":"post","link":"http:\/\/fahr-laessig.net\/?p=811","title":{"rendered":"Das Ende Europas"},"content":{"rendered":"\n<p>Das Ende Europas, zumindest in seiner s\u00fcdwestlichen Richtung, stellt das Cabo de S. Vincente dar. Schwindelerregend hoch erheben sich hier noch einmal die Klippen der Algarve, danach folgt der weite Ozean. Bis Amerika. So wirbt hier auch ein Bratwurststand und neben diesem kulinarischen Leuchtturm befindet sich ein tats\u00e4chlicher, der des Kaps, er gilt als der leuchtst\u00e4rkste Europas und weist den Schiffen entweder den Weg gen Norden, Richtung Costa Vicentina oder nach Osten, in die Stra\u00dfe von Gibraltar. Wagemutige Fischer sorgen ebenfalls f\u00fcr kulinarischen Nachschub. Von den meterhohen Klippen werfen sie ihre Angeln aus und trotzen den st\u00fcrmischen Winden.<\/p>\n\n\n\n<figure class=\"is-layout-flex wp-block-gallery-1 wp-block-gallery columns-3 is-cropped\"><ul class=\"blocks-gallery-grid\"><li class=\"blocks-gallery-item\"><figure><a href=\"http:\/\/fahr-laessig.net\/wp-content\/uploads\/2020\/01\/MG_1381.jpg\"><img decoding=\"async\" loading=\"lazy\" width=\"1024\" height=\"683\" src=\"http:\/\/fahr-laessig.net\/wp-content\/uploads\/2020\/01\/MG_1381-1024x683.jpg\" alt=\"\" data-id=\"834\" data-full-url=\"http:\/\/fahr-laessig.net\/wp-content\/uploads\/2020\/01\/MG_1381.jpg\" data-link=\"http:\/\/fahr-laessig.net\/?attachment_id=834\" class=\"wp-image-834\" srcset=\"http:\/\/fahr-laessig.net\/wp-content\/uploads\/2020\/01\/MG_1381-1024x683.jpg 1024w, http:\/\/fahr-laessig.net\/wp-content\/uploads\/2020\/01\/MG_1381-300x200.jpg 300w, http:\/\/fahr-laessig.net\/wp-content\/uploads\/2020\/01\/MG_1381-768x512.jpg 768w, http:\/\/fahr-laessig.net\/wp-content\/uploads\/2020\/01\/MG_1381-600x400.jpg 600w, http:\/\/fahr-laessig.net\/wp-content\/uploads\/2020\/01\/MG_1381-460x307.jpg 460w, http:\/\/fahr-laessig.net\/wp-content\/uploads\/2020\/01\/MG_1381-688x459.jpg 688w, http:\/\/fahr-laessig.net\/wp-content\/uploads\/2020\/01\/MG_1381.jpg 1200w\" sizes=\"(max-width: 1024px) 100vw, 1024px\" \/><\/a><\/figure><\/li><li class=\"blocks-gallery-item\"><figure><a href=\"http:\/\/fahr-laessig.net\/wp-content\/uploads\/2020\/01\/IMG_0889.jpg\"><img decoding=\"async\" loading=\"lazy\" width=\"1024\" height=\"683\" src=\"http:\/\/fahr-laessig.net\/wp-content\/uploads\/2020\/01\/IMG_0889-1024x683.jpg\" alt=\"\" data-id=\"819\" data-full-url=\"http:\/\/fahr-laessig.net\/wp-content\/uploads\/2020\/01\/IMG_0889.jpg\" data-link=\"http:\/\/fahr-laessig.net\/?attachment_id=819\" class=\"wp-image-819\" srcset=\"http:\/\/fahr-laessig.net\/wp-content\/uploads\/2020\/01\/IMG_0889-1024x683.jpg 1024w, http:\/\/fahr-laessig.net\/wp-content\/uploads\/2020\/01\/IMG_0889-300x200.jpg 300w, http:\/\/fahr-laessig.net\/wp-content\/uploads\/2020\/01\/IMG_0889-768x512.jpg 768w, http:\/\/fahr-laessig.net\/wp-content\/uploads\/2020\/01\/IMG_0889-600x400.jpg 600w, http:\/\/fahr-laessig.net\/wp-content\/uploads\/2020\/01\/IMG_0889-460x307.jpg 460w, http:\/\/fahr-laessig.net\/wp-content\/uploads\/2020\/01\/IMG_0889-688x459.jpg 688w, http:\/\/fahr-laessig.net\/wp-content\/uploads\/2020\/01\/IMG_0889.jpg 1200w\" sizes=\"(max-width: 1024px) 100vw, 1024px\" \/><\/a><\/figure><\/li><li class=\"blocks-gallery-item\"><figure><a href=\"http:\/\/fahr-laessig.net\/wp-content\/uploads\/2020\/01\/MG_1372.jpg\"><img decoding=\"async\" loading=\"lazy\" width=\"1024\" height=\"683\" src=\"http:\/\/fahr-laessig.net\/wp-content\/uploads\/2020\/01\/MG_1372-1024x683.jpg\" alt=\"\" data-id=\"816\" data-full-url=\"http:\/\/fahr-laessig.net\/wp-content\/uploads\/2020\/01\/MG_1372.jpg\" data-link=\"http:\/\/fahr-laessig.net\/?attachment_id=816\" class=\"wp-image-816\" srcset=\"http:\/\/fahr-laessig.net\/wp-content\/uploads\/2020\/01\/MG_1372-1024x683.jpg 1024w, http:\/\/fahr-laessig.net\/wp-content\/uploads\/2020\/01\/MG_1372-300x200.jpg 300w, http:\/\/fahr-laessig.net\/wp-content\/uploads\/2020\/01\/MG_1372-768x512.jpg 768w, http:\/\/fahr-laessig.net\/wp-content\/uploads\/2020\/01\/MG_1372-600x400.jpg 600w, http:\/\/fahr-laessig.net\/wp-content\/uploads\/2020\/01\/MG_1372-460x307.jpg 460w, http:\/\/fahr-laessig.net\/wp-content\/uploads\/2020\/01\/MG_1372-688x459.jpg 688w, http:\/\/fahr-laessig.net\/wp-content\/uploads\/2020\/01\/MG_1372.jpg 1200w\" sizes=\"(max-width: 1024px) 100vw, 1024px\" \/><\/a><\/figure><\/li><li class=\"blocks-gallery-item\"><figure><a href=\"http:\/\/fahr-laessig.net\/wp-content\/uploads\/2020\/01\/MG_1368.jpg\"><img decoding=\"async\" loading=\"lazy\" width=\"683\" height=\"1024\" src=\"http:\/\/fahr-laessig.net\/wp-content\/uploads\/2020\/01\/MG_1368-683x1024.jpg\" alt=\"\" data-id=\"817\" data-full-url=\"http:\/\/fahr-laessig.net\/wp-content\/uploads\/2020\/01\/MG_1368.jpg\" data-link=\"http:\/\/fahr-laessig.net\/?attachment_id=817\" class=\"wp-image-817\" srcset=\"http:\/\/fahr-laessig.net\/wp-content\/uploads\/2020\/01\/MG_1368-683x1024.jpg 683w, http:\/\/fahr-laessig.net\/wp-content\/uploads\/2020\/01\/MG_1368-200x300.jpg 200w, http:\/\/fahr-laessig.net\/wp-content\/uploads\/2020\/01\/MG_1368-768x1152.jpg 768w, http:\/\/fahr-laessig.net\/wp-content\/uploads\/2020\/01\/MG_1368-232x348.jpg 232w, http:\/\/fahr-laessig.net\/wp-content\/uploads\/2020\/01\/MG_1368-688x1032.jpg 688w, http:\/\/fahr-laessig.net\/wp-content\/uploads\/2020\/01\/MG_1368.jpg 800w\" sizes=\"(max-width: 683px) 100vw, 683px\" \/><\/a><\/figure><\/li><li class=\"blocks-gallery-item\"><figure><a href=\"http:\/\/fahr-laessig.net\/wp-content\/uploads\/2020\/01\/MG_1362.jpg\"><img decoding=\"async\" loading=\"lazy\" width=\"683\" height=\"1024\" src=\"http:\/\/fahr-laessig.net\/wp-content\/uploads\/2020\/01\/MG_1362-683x1024.jpg\" alt=\"\" data-id=\"818\" data-full-url=\"http:\/\/fahr-laessig.net\/wp-content\/uploads\/2020\/01\/MG_1362.jpg\" data-link=\"http:\/\/fahr-laessig.net\/?attachment_id=818\" class=\"wp-image-818\" srcset=\"http:\/\/fahr-laessig.net\/wp-content\/uploads\/2020\/01\/MG_1362-683x1024.jpg 683w, http:\/\/fahr-laessig.net\/wp-content\/uploads\/2020\/01\/MG_1362-200x300.jpg 200w, http:\/\/fahr-laessig.net\/wp-content\/uploads\/2020\/01\/MG_1362-768x1152.jpg 768w, http:\/\/fahr-laessig.net\/wp-content\/uploads\/2020\/01\/MG_1362-232x348.jpg 232w, http:\/\/fahr-laessig.net\/wp-content\/uploads\/2020\/01\/MG_1362-688x1032.jpg 688w, http:\/\/fahr-laessig.net\/wp-content\/uploads\/2020\/01\/MG_1362.jpg 800w\" sizes=\"(max-width: 683px) 100vw, 683px\" \/><\/a><\/figure><\/li><\/ul><\/figure>\n","protected":false},"excerpt":{"rendered":"<p>Das Ende Europas, zumindest in seiner s\u00fcdwestlichen Richtung, stellt das Cabo de S. Vincente dar. Schwindelerregend hoch erheben sich hier noch einmal die Klippen der Algarve, danach folgt der weite Ozean. Bis Amerika. So wirbt hier auch ein Bratwurststand und neben diesem kulinarischen Leuchtturm befindet sich ein tats\u00e4chlicher, der des Kaps, er gilt als der [&hellip;]<\/p>\n","protected":false},"author":1,"featured_media":833,"comment_status":"closed","ping_status":"open","sticky":false,"template":"","format":"standard","meta":[],"categories":[8,1],"tags":[],"_links":{"self":[{"href":"http:\/\/fahr-laessig.net\/index.php?rest_route=\/wp\/v2\/posts\/811"}],"collection":[{"href":"http:\/\/fahr-laessig.net\/index.php?rest_route=\/wp\/v2\/posts"}],"about":[{"href":"http:\/\/fahr-laessig.net\/index.php?rest_route=\/wp\/v2\/types\/post"}],"author":[{"embeddable":true,"href":"http:\/\/fahr-laessig.net\/index.php?rest_route=\/wp\/v2\/users\/1"}],"replies":[{"embeddable":true,"href":"http:\/\/fahr-laessig.net\/index.php?rest_route=%2Fwp%2Fv2%2Fcomments&post=811"}],"version-history":[{"count":7,"href":"http:\/\/fahr-laessig.net\/index.php?rest_route=\/wp\/v2\/posts\/811\/revisions"}],"predecessor-version":[{"id":854,"href":"http:\/\/fahr-laessig.net\/index.php?rest_route=\/wp\/v2\/posts\/811\/revisions\/854"}],"wp:featuredmedia":[{"embeddable":true,"href":"http:\/\/fahr-laessig.net\/index.php?rest_route=\/wp\/v2\/media\/833"}],"wp:attachment":[{"href":"http:\/\/fahr-laessig.net\/index.php?rest_route=%2Fwp%2Fv2%2Fmedia&parent=811"}],"wp:term":[{"taxonomy":"category","embeddable":true,"href":"http:\/\/fahr-laessig.net\/index.php?rest_route=%2Fwp%2Fv2%2Fcategories&post=811"},{"taxonomy":"post_tag","embeddable":true,"href":"http:\/\/fahr-laessig.net\/index.php?rest_route=%2Fwp%2Fv2%2Ftags&post=811"}],"curies":[{"name":"wp","href":"https:\/\/api.w.org\/{rel}","templated":true}]}}