{"id":703,"date":"2020-01-05T22:32:06","date_gmt":"2020-01-05T20:32:06","guid":{"rendered":"http:\/\/fahr-laessig.net\/?p=703"},"modified":"2020-01-07T19:48:25","modified_gmt":"2020-01-07T17:48:25","slug":"silves","status":"publish","type":"post","link":"http:\/\/fahr-laessig.net\/?p=703","title":{"rendered":"Silves"},"content":{"rendered":"\n<p>Die Stadt am Arade liegt gut 10 Kilometer von Portim\u00e3o entfernt und hat das Gl\u00fcck nicht direkt am Meer zu liegen, was den Tourismus angeht. Eine Promenade mit Bistros l\u00e4dt zum Verweilen und sitzen ein. Geht man vom Ufer den Berg Richtung Altstadt hinauf, erhebt sich das Castelo dos Mouros. Die Zeiten der maurischen Herrschaft sind l\u00e4ngst vorbei, allerdings bietet das sehenswerte arch\u00e4ologische Museum zahlreiche Fundst\u00fccke aus dieser und \u00e4lterer Epochen. Auch das Umland ist sehenswert. Orangenhaine, Windm\u00fchlen und der Arade erstrecken sich malerisch \u00fcber die kargen H\u00fcgel. Einst war der Fluss hier wohl doppelt so breit,  was sich noch an der breiten, mittelalterlichen Br\u00fccke erkennen l\u00e4sst. Heute wird er in mehreren Seen aufgestaut und ist l\u00e4ngst nicht mehr schiffbar, da er versandet.<\/p>\n\n\n\n<figure class=\"is-layout-flex wp-block-gallery-1 wp-block-gallery columns-3 is-cropped\"><ul class=\"blocks-gallery-grid\"><li class=\"blocks-gallery-item\"><figure><a href=\"http:\/\/fahr-laessig.net\/wp-content\/uploads\/2020\/01\/MG_1040.jpg\"><img decoding=\"async\" loading=\"lazy\" width=\"1024\" height=\"683\" src=\"http:\/\/fahr-laessig.net\/wp-content\/uploads\/2020\/01\/MG_1040-1024x683.jpg\" alt=\"\" data-id=\"713\" data-full-url=\"http:\/\/fahr-laessig.net\/wp-content\/uploads\/2020\/01\/MG_1040.jpg\" data-link=\"http:\/\/fahr-laessig.net\/?attachment_id=713\" class=\"wp-image-713\" srcset=\"http:\/\/fahr-laessig.net\/wp-content\/uploads\/2020\/01\/MG_1040-1024x683.jpg 1024w, http:\/\/fahr-laessig.net\/wp-content\/uploads\/2020\/01\/MG_1040-300x200.jpg 300w, http:\/\/fahr-laessig.net\/wp-content\/uploads\/2020\/01\/MG_1040-768x512.jpg 768w, http:\/\/fahr-laessig.net\/wp-content\/uploads\/2020\/01\/MG_1040-600x400.jpg 600w, http:\/\/fahr-laessig.net\/wp-content\/uploads\/2020\/01\/MG_1040-460x307.jpg 460w, http:\/\/fahr-laessig.net\/wp-content\/uploads\/2020\/01\/MG_1040-688x459.jpg 688w, http:\/\/fahr-laessig.net\/wp-content\/uploads\/2020\/01\/MG_1040.jpg 1200w\" sizes=\"(max-width: 1024px) 100vw, 1024px\" \/><\/a><\/figure><\/li><li class=\"blocks-gallery-item\"><figure><a href=\"http:\/\/fahr-laessig.net\/wp-content\/uploads\/2020\/01\/IMG_0462.jpg\"><img decoding=\"async\" loading=\"lazy\" width=\"1024\" height=\"683\" src=\"http:\/\/fahr-laessig.net\/wp-content\/uploads\/2020\/01\/IMG_0462-1024x683.jpg\" alt=\"\" data-id=\"717\" data-full-url=\"http:\/\/fahr-laessig.net\/wp-content\/uploads\/2020\/01\/IMG_0462.jpg\" data-link=\"http:\/\/fahr-laessig.net\/?attachment_id=717\" class=\"wp-image-717\" srcset=\"http:\/\/fahr-laessig.net\/wp-content\/uploads\/2020\/01\/IMG_0462-1024x683.jpg 1024w, http:\/\/fahr-laessig.net\/wp-content\/uploads\/2020\/01\/IMG_0462-300x200.jpg 300w, http:\/\/fahr-laessig.net\/wp-content\/uploads\/2020\/01\/IMG_0462-768x512.jpg 768w, http:\/\/fahr-laessig.net\/wp-content\/uploads\/2020\/01\/IMG_0462-600x400.jpg 600w, http:\/\/fahr-laessig.net\/wp-content\/uploads\/2020\/01\/IMG_0462-460x307.jpg 460w, http:\/\/fahr-laessig.net\/wp-content\/uploads\/2020\/01\/IMG_0462-688x459.jpg 688w, http:\/\/fahr-laessig.net\/wp-content\/uploads\/2020\/01\/IMG_0462.jpg 1200w\" sizes=\"(max-width: 1024px) 100vw, 1024px\" \/><\/a><\/figure><\/li><li class=\"blocks-gallery-item\"><figure><a href=\"http:\/\/fahr-laessig.net\/wp-content\/uploads\/2020\/01\/MG_1028.jpg\"><img decoding=\"async\" loading=\"lazy\" width=\"1024\" height=\"683\" src=\"http:\/\/fahr-laessig.net\/wp-content\/uploads\/2020\/01\/MG_1028-1024x683.jpg\" alt=\"\" data-id=\"712\" data-full-url=\"http:\/\/fahr-laessig.net\/wp-content\/uploads\/2020\/01\/MG_1028.jpg\" data-link=\"http:\/\/fahr-laessig.net\/?attachment_id=712\" class=\"wp-image-712\" srcset=\"http:\/\/fahr-laessig.net\/wp-content\/uploads\/2020\/01\/MG_1028-1024x683.jpg 1024w, http:\/\/fahr-laessig.net\/wp-content\/uploads\/2020\/01\/MG_1028-300x200.jpg 300w, http:\/\/fahr-laessig.net\/wp-content\/uploads\/2020\/01\/MG_1028-768x512.jpg 768w, http:\/\/fahr-laessig.net\/wp-content\/uploads\/2020\/01\/MG_1028-600x400.jpg 600w, http:\/\/fahr-laessig.net\/wp-content\/uploads\/2020\/01\/MG_1028-460x307.jpg 460w, http:\/\/fahr-laessig.net\/wp-content\/uploads\/2020\/01\/MG_1028-688x459.jpg 688w, http:\/\/fahr-laessig.net\/wp-content\/uploads\/2020\/01\/MG_1028.jpg 1200w\" sizes=\"(max-width: 1024px) 100vw, 1024px\" \/><\/a><\/figure><\/li><li class=\"blocks-gallery-item\"><figure><a href=\"http:\/\/fahr-laessig.net\/wp-content\/uploads\/2020\/01\/IMG_0358.jpg\"><img decoding=\"async\" loading=\"lazy\" width=\"1024\" height=\"683\" src=\"http:\/\/fahr-laessig.net\/wp-content\/uploads\/2020\/01\/IMG_0358-1024x683.jpg\" alt=\"\" data-id=\"714\" data-full-url=\"http:\/\/fahr-laessig.net\/wp-content\/uploads\/2020\/01\/IMG_0358.jpg\" data-link=\"http:\/\/fahr-laessig.net\/?attachment_id=714\" class=\"wp-image-714\" srcset=\"http:\/\/fahr-laessig.net\/wp-content\/uploads\/2020\/01\/IMG_0358-1024x683.jpg 1024w, http:\/\/fahr-laessig.net\/wp-content\/uploads\/2020\/01\/IMG_0358-300x200.jpg 300w, http:\/\/fahr-laessig.net\/wp-content\/uploads\/2020\/01\/IMG_0358-768x512.jpg 768w, http:\/\/fahr-laessig.net\/wp-content\/uploads\/2020\/01\/IMG_0358-600x400.jpg 600w, http:\/\/fahr-laessig.net\/wp-content\/uploads\/2020\/01\/IMG_0358-460x307.jpg 460w, http:\/\/fahr-laessig.net\/wp-content\/uploads\/2020\/01\/IMG_0358-688x459.jpg 688w, http:\/\/fahr-laessig.net\/wp-content\/uploads\/2020\/01\/IMG_0358.jpg 1200w\" sizes=\"(max-width: 1024px) 100vw, 1024px\" \/><\/a><\/figure><\/li><li class=\"blocks-gallery-item\"><figure><a href=\"http:\/\/fahr-laessig.net\/wp-content\/uploads\/2020\/01\/IMG_0367.jpg\"><img decoding=\"async\" loading=\"lazy\" width=\"1024\" height=\"683\" src=\"http:\/\/fahr-laessig.net\/wp-content\/uploads\/2020\/01\/IMG_0367-1024x683.jpg\" alt=\"\" data-id=\"715\" data-full-url=\"http:\/\/fahr-laessig.net\/wp-content\/uploads\/2020\/01\/IMG_0367.jpg\" data-link=\"http:\/\/fahr-laessig.net\/?attachment_id=715\" class=\"wp-image-715\" srcset=\"http:\/\/fahr-laessig.net\/wp-content\/uploads\/2020\/01\/IMG_0367-1024x683.jpg 1024w, http:\/\/fahr-laessig.net\/wp-content\/uploads\/2020\/01\/IMG_0367-300x200.jpg 300w, http:\/\/fahr-laessig.net\/wp-content\/uploads\/2020\/01\/IMG_0367-768x512.jpg 768w, http:\/\/fahr-laessig.net\/wp-content\/uploads\/2020\/01\/IMG_0367-600x400.jpg 600w, http:\/\/fahr-laessig.net\/wp-content\/uploads\/2020\/01\/IMG_0367-460x307.jpg 460w, http:\/\/fahr-laessig.net\/wp-content\/uploads\/2020\/01\/IMG_0367-688x459.jpg 688w, http:\/\/fahr-laessig.net\/wp-content\/uploads\/2020\/01\/IMG_0367.jpg 1200w\" sizes=\"(max-width: 1024px) 100vw, 1024px\" \/><\/a><\/figure><\/li><li class=\"blocks-gallery-item\"><figure><a href=\"http:\/\/fahr-laessig.net\/wp-content\/uploads\/2020\/01\/MG_0917.jpg\"><img decoding=\"async\" loading=\"lazy\" width=\"1024\" height=\"683\" src=\"http:\/\/fahr-laessig.net\/wp-content\/uploads\/2020\/01\/MG_0917-1024x683.jpg\" alt=\"\" data-id=\"708\" data-full-url=\"http:\/\/fahr-laessig.net\/wp-content\/uploads\/2020\/01\/MG_0917.jpg\" data-link=\"http:\/\/fahr-laessig.net\/?attachment_id=708\" class=\"wp-image-708\" srcset=\"http:\/\/fahr-laessig.net\/wp-content\/uploads\/2020\/01\/MG_0917-1024x683.jpg 1024w, http:\/\/fahr-laessig.net\/wp-content\/uploads\/2020\/01\/MG_0917-300x200.jpg 300w, http:\/\/fahr-laessig.net\/wp-content\/uploads\/2020\/01\/MG_0917-768x512.jpg 768w, http:\/\/fahr-laessig.net\/wp-content\/uploads\/2020\/01\/MG_0917-600x400.jpg 600w, http:\/\/fahr-laessig.net\/wp-content\/uploads\/2020\/01\/MG_0917-460x307.jpg 460w, http:\/\/fahr-laessig.net\/wp-content\/uploads\/2020\/01\/MG_0917-688x459.jpg 688w, http:\/\/fahr-laessig.net\/wp-content\/uploads\/2020\/01\/MG_0917.jpg 1200w\" sizes=\"(max-width: 1024px) 100vw, 1024px\" \/><\/a><\/figure><\/li><li class=\"blocks-gallery-item\"><figure><a href=\"http:\/\/fahr-laessig.net\/wp-content\/uploads\/2020\/01\/MG_0927.jpg\"><img decoding=\"async\" loading=\"lazy\" width=\"1024\" height=\"683\" src=\"http:\/\/fahr-laessig.net\/wp-content\/uploads\/2020\/01\/MG_0927-1024x683.jpg\" alt=\"\" data-id=\"710\" data-full-url=\"http:\/\/fahr-laessig.net\/wp-content\/uploads\/2020\/01\/MG_0927.jpg\" data-link=\"http:\/\/fahr-laessig.net\/?attachment_id=710\" class=\"wp-image-710\" srcset=\"http:\/\/fahr-laessig.net\/wp-content\/uploads\/2020\/01\/MG_0927-1024x683.jpg 1024w, http:\/\/fahr-laessig.net\/wp-content\/uploads\/2020\/01\/MG_0927-300x200.jpg 300w, http:\/\/fahr-laessig.net\/wp-content\/uploads\/2020\/01\/MG_0927-768x512.jpg 768w, http:\/\/fahr-laessig.net\/wp-content\/uploads\/2020\/01\/MG_0927-600x400.jpg 600w, http:\/\/fahr-laessig.net\/wp-content\/uploads\/2020\/01\/MG_0927-460x307.jpg 460w, http:\/\/fahr-laessig.net\/wp-content\/uploads\/2020\/01\/MG_0927-688x459.jpg 688w, http:\/\/fahr-laessig.net\/wp-content\/uploads\/2020\/01\/MG_0927.jpg 1200w\" sizes=\"(max-width: 1024px) 100vw, 1024px\" \/><\/a><\/figure><\/li><li class=\"blocks-gallery-item\"><figure><a href=\"http:\/\/fahr-laessig.net\/wp-content\/uploads\/2020\/01\/MG_0926.jpg\"><img decoding=\"async\" loading=\"lazy\" width=\"1024\" height=\"683\" src=\"http:\/\/fahr-laessig.net\/wp-content\/uploads\/2020\/01\/MG_0926-1024x683.jpg\" alt=\"\" data-id=\"709\" data-full-url=\"http:\/\/fahr-laessig.net\/wp-content\/uploads\/2020\/01\/MG_0926.jpg\" data-link=\"http:\/\/fahr-laessig.net\/?attachment_id=709\" class=\"wp-image-709\" srcset=\"http:\/\/fahr-laessig.net\/wp-content\/uploads\/2020\/01\/MG_0926-1024x683.jpg 1024w, http:\/\/fahr-laessig.net\/wp-content\/uploads\/2020\/01\/MG_0926-300x200.jpg 300w, http:\/\/fahr-laessig.net\/wp-content\/uploads\/2020\/01\/MG_0926-768x512.jpg 768w, http:\/\/fahr-laessig.net\/wp-content\/uploads\/2020\/01\/MG_0926-600x400.jpg 600w, http:\/\/fahr-laessig.net\/wp-content\/uploads\/2020\/01\/MG_0926-460x307.jpg 460w, http:\/\/fahr-laessig.net\/wp-content\/uploads\/2020\/01\/MG_0926-688x459.jpg 688w, http:\/\/fahr-laessig.net\/wp-content\/uploads\/2020\/01\/MG_0926.jpg 1200w\" sizes=\"(max-width: 1024px) 100vw, 1024px\" \/><\/a><\/figure><\/li><li class=\"blocks-gallery-item\"><figure><a href=\"http:\/\/fahr-laessig.net\/wp-content\/uploads\/2020\/01\/IMG_0436.jpg\"><img decoding=\"async\" loading=\"lazy\" width=\"1024\" height=\"683\" src=\"http:\/\/fahr-laessig.net\/wp-content\/uploads\/2020\/01\/IMG_0436-1024x683.jpg\" alt=\"\" data-id=\"716\" data-full-url=\"http:\/\/fahr-laessig.net\/wp-content\/uploads\/2020\/01\/IMG_0436.jpg\" data-link=\"http:\/\/fahr-laessig.net\/?attachment_id=716\" class=\"wp-image-716\" srcset=\"http:\/\/fahr-laessig.net\/wp-content\/uploads\/2020\/01\/IMG_0436-1024x683.jpg 1024w, http:\/\/fahr-laessig.net\/wp-content\/uploads\/2020\/01\/IMG_0436-300x200.jpg 300w, http:\/\/fahr-laessig.net\/wp-content\/uploads\/2020\/01\/IMG_0436-768x512.jpg 768w, http:\/\/fahr-laessig.net\/wp-content\/uploads\/2020\/01\/IMG_0436-600x400.jpg 600w, http:\/\/fahr-laessig.net\/wp-content\/uploads\/2020\/01\/IMG_0436-460x307.jpg 460w, http:\/\/fahr-laessig.net\/wp-content\/uploads\/2020\/01\/IMG_0436-688x459.jpg 688w, http:\/\/fahr-laessig.net\/wp-content\/uploads\/2020\/01\/IMG_0436.jpg 1200w\" sizes=\"(max-width: 1024px) 100vw, 1024px\" \/><\/a><\/figure><\/li><\/ul><\/figure>\n","protected":false},"excerpt":{"rendered":"<p>Die Stadt am Arade liegt gut 10 Kilometer von Portim\u00e3o entfernt und hat das Gl\u00fcck nicht direkt am Meer zu liegen, was den Tourismus angeht. Eine Promenade mit Bistros l\u00e4dt zum Verweilen und sitzen ein. Geht man vom Ufer den Berg Richtung Altstadt hinauf, erhebt sich das Castelo dos Mouros. Die Zeiten der maurischen Herrschaft [&hellip;]<\/p>\n","protected":false},"author":1,"featured_media":718,"comment_status":"closed","ping_status":"open","sticky":false,"template":"","format":"standard","meta":[],"categories":[8,1],"tags":[],"_links":{"self":[{"href":"http:\/\/fahr-laessig.net\/index.php?rest_route=\/wp\/v2\/posts\/703"}],"collection":[{"href":"http:\/\/fahr-laessig.net\/index.php?rest_route=\/wp\/v2\/posts"}],"about":[{"href":"http:\/\/fahr-laessig.net\/index.php?rest_route=\/wp\/v2\/types\/post"}],"author":[{"embeddable":true,"href":"http:\/\/fahr-laessig.net\/index.php?rest_route=\/wp\/v2\/users\/1"}],"replies":[{"embeddable":true,"href":"http:\/\/fahr-laessig.net\/index.php?rest_route=%2Fwp%2Fv2%2Fcomments&post=703"}],"version-history":[{"count":6,"href":"http:\/\/fahr-laessig.net\/index.php?rest_route=\/wp\/v2\/posts\/703\/revisions"}],"predecessor-version":[{"id":720,"href":"http:\/\/fahr-laessig.net\/index.php?rest_route=\/wp\/v2\/posts\/703\/revisions\/720"}],"wp:featuredmedia":[{"embeddable":true,"href":"http:\/\/fahr-laessig.net\/index.php?rest_route=\/wp\/v2\/media\/718"}],"wp:attachment":[{"href":"http:\/\/fahr-laessig.net\/index.php?rest_route=%2Fwp%2Fv2%2Fmedia&parent=703"}],"wp:term":[{"taxonomy":"category","embeddable":true,"href":"http:\/\/fahr-laessig.net\/index.php?rest_route=%2Fwp%2Fv2%2Fcategories&post=703"},{"taxonomy":"post_tag","embeddable":true,"href":"http:\/\/fahr-laessig.net\/index.php?rest_route=%2Fwp%2Fv2%2Ftags&post=703"}],"curies":[{"name":"wp","href":"https:\/\/api.w.org\/{rel}","templated":true}]}}