{"id":546,"date":"2020-01-05T22:55:28","date_gmt":"2020-01-05T20:55:28","guid":{"rendered":"http:\/\/fahr-laessig.net\/?p=546"},"modified":"2020-01-07T20:11:44","modified_gmt":"2020-01-07T18:11:44","slug":"el-nino-mino","status":"publish","type":"post","link":"http:\/\/fahr-laessig.net\/?p=546","title":{"rendered":"El Ni\u00f1o Mi\u00f1o"},"content":{"rendered":"\n<p>Wir sind auf die Katze gekommen. Im Grenzgebiet zwischen Portugal und Spanien standen wir auf einem Campingplatz und hatten immer noch das schlechte Wetter, welches uns bereits seit dem Kantabrischen Meer begleitete. Es waren kaum Touristen unterwegs und unter dem Wohnmobil unseres Nachbarns h\u00f6rte man es jammern. Zwischen Vorderachse und \u00d6lwanne seines Ducatos spitzte immer wieder ein kleines Paar Augen hervor. Legte man etwas zum Essen neben den Bus, stipitzte ein schwarz-wei\u00dfes Fellb\u00fcndel den Happen und war schon wieder verschwunden. Nachts hatte es empfindliche 6 Grad und das Jammern h\u00f6rte einfach nicht auf, also fassten wir uns ein Herz und eine Thunfischdose. Bald kam eine Katze zum Vorschein. Klein, verfroren und sichtlich hungrig. Ein beherzter Griff und das B\u00fcndel war gefangen.<\/p>\n\n\n\n<p>Wir blieben noch eine Zeit lang auf dem Campingplatz, fragten ob jemand eine Katze vermisse oder ob eventuell die Mutter auftauchen w\u00fcrde. Fehlanzeige und so erhielten wir unseren neuen Mitreisenden. Schon bald ging es zum Tierartzt und da wurde es amtlich. Wir haben einen Kater. Die Entwurmung, Tollwutimpfung, Chip und Pass kosteten 50 Euro und das Alter wurde ungef\u00e4hr auf 6 bis 8 Wochen gesch\u00e4tzt. Im n\u00e4chsten Laden kauften wir sogleich Katzenfutter, ein Katzenklo und steuerten wieder einmal Baum\u00e4rkte an, da der Bus noch Optimierungsbedarf f\u00fcr eine neugierige, kleine Katze besa\u00df. Insbesondere die M\u00f6glichkeit, hinter den K\u00fchlschrank zu schleichen hatten wir beim Bau nicht bedacht.<\/p>\n\n\n\n<p>Mit einer Ausreise aus dem EU Raum wird es nun allerdings vorerst nichts. Eine Tollwutimpfung sollte eigentlich nicht so fr\u00fch erfolgen und bewirkt so bei der anschlie\u00dfenden Analyse meist einen schlechten Titterwert, weshalb wir von einer Blutuntersuchung aktuell absehen. Wer sich also unterwegs, insbesondere au\u00dferhalb der EU ein Urlaubstier zulegt, das Reglemement zur Ein- und Ausfuhr von Heimtieren kann hier Schwierigkeiten machen. Innerhalb der EU gilt, es lebe die Freiz\u00fcgigkeit! Zumindest sind hier die Bestimungen weitaus reisekompatibler.<\/p>\n\n\n\n<figure class=\"is-layout-flex wp-block-gallery-1 wp-block-gallery columns-2 is-cropped\"><ul class=\"blocks-gallery-grid\"><li class=\"blocks-gallery-item\"><figure><a href=\"http:\/\/fahr-laessig.net\/wp-content\/uploads\/2019\/12\/MG_9817-1024x683.jpg\"><img decoding=\"async\" loading=\"lazy\" width=\"1024\" height=\"683\" src=\"http:\/\/fahr-laessig.net\/wp-content\/uploads\/2019\/12\/MG_9817-1024x683.jpg\" alt=\"\" data-id=\"694\" data-link=\"http:\/\/fahr-laessig.net\/?attachment_id=694\" class=\"wp-image-694\" srcset=\"http:\/\/fahr-laessig.net\/wp-content\/uploads\/2019\/12\/MG_9817-1024x683.jpg 1024w, http:\/\/fahr-laessig.net\/wp-content\/uploads\/2019\/12\/MG_9817-300x200.jpg 300w, http:\/\/fahr-laessig.net\/wp-content\/uploads\/2019\/12\/MG_9817-768x512.jpg 768w, http:\/\/fahr-laessig.net\/wp-content\/uploads\/2019\/12\/MG_9817-600x400.jpg 600w, http:\/\/fahr-laessig.net\/wp-content\/uploads\/2019\/12\/MG_9817-460x307.jpg 460w, http:\/\/fahr-laessig.net\/wp-content\/uploads\/2019\/12\/MG_9817-688x459.jpg 688w, http:\/\/fahr-laessig.net\/wp-content\/uploads\/2019\/12\/MG_9817.jpg 1200w\" sizes=\"(max-width: 1024px) 100vw, 1024px\" \/><\/a><\/figure><\/li><li class=\"blocks-gallery-item\"><figure><a href=\"http:\/\/fahr-laessig.net\/wp-content\/uploads\/2019\/12\/IMG_0110-1024x683.jpg\"><img decoding=\"async\" loading=\"lazy\" width=\"1024\" height=\"683\" src=\"http:\/\/fahr-laessig.net\/wp-content\/uploads\/2019\/12\/IMG_0110-1024x683.jpg\" alt=\"\" data-id=\"698\" data-link=\"http:\/\/fahr-laessig.net\/?attachment_id=698\" class=\"wp-image-698\" srcset=\"http:\/\/fahr-laessig.net\/wp-content\/uploads\/2019\/12\/IMG_0110-1024x683.jpg 1024w, http:\/\/fahr-laessig.net\/wp-content\/uploads\/2019\/12\/IMG_0110-300x200.jpg 300w, http:\/\/fahr-laessig.net\/wp-content\/uploads\/2019\/12\/IMG_0110-768x512.jpg 768w, http:\/\/fahr-laessig.net\/wp-content\/uploads\/2019\/12\/IMG_0110-600x400.jpg 600w, http:\/\/fahr-laessig.net\/wp-content\/uploads\/2019\/12\/IMG_0110-460x307.jpg 460w, http:\/\/fahr-laessig.net\/wp-content\/uploads\/2019\/12\/IMG_0110-688x459.jpg 688w, http:\/\/fahr-laessig.net\/wp-content\/uploads\/2019\/12\/IMG_0110.jpg 1200w\" sizes=\"(max-width: 1024px) 100vw, 1024px\" \/><\/a><figcaption class=\"blocks-gallery-item__caption\">Werkbank unterwegs.<\/figcaption><\/figure><\/li><li class=\"blocks-gallery-item\"><figure><a href=\"http:\/\/fahr-laessig.net\/wp-content\/uploads\/2019\/12\/MG_1004-1024x683.jpg\"><img decoding=\"async\" loading=\"lazy\" width=\"1024\" height=\"683\" src=\"http:\/\/fahr-laessig.net\/wp-content\/uploads\/2019\/12\/MG_1004-1024x683.jpg\" alt=\"\" data-id=\"693\" data-link=\"http:\/\/fahr-laessig.net\/?attachment_id=693\" class=\"wp-image-693\" srcset=\"http:\/\/fahr-laessig.net\/wp-content\/uploads\/2019\/12\/MG_1004-1024x683.jpg 1024w, http:\/\/fahr-laessig.net\/wp-content\/uploads\/2019\/12\/MG_1004-300x200.jpg 300w, http:\/\/fahr-laessig.net\/wp-content\/uploads\/2019\/12\/MG_1004-768x512.jpg 768w, http:\/\/fahr-laessig.net\/wp-content\/uploads\/2019\/12\/MG_1004-600x400.jpg 600w, http:\/\/fahr-laessig.net\/wp-content\/uploads\/2019\/12\/MG_1004-460x307.jpg 460w, http:\/\/fahr-laessig.net\/wp-content\/uploads\/2019\/12\/MG_1004-688x459.jpg 688w, http:\/\/fahr-laessig.net\/wp-content\/uploads\/2019\/12\/MG_1004.jpg 1200w\" sizes=\"(max-width: 1024px) 100vw, 1024px\" \/><\/a><\/figure><\/li><li class=\"blocks-gallery-item\"><figure><a href=\"http:\/\/fahr-laessig.net\/wp-content\/uploads\/2020\/01\/IMG_0372.jpg\"><img decoding=\"async\" loading=\"lazy\" width=\"1024\" height=\"683\" src=\"http:\/\/fahr-laessig.net\/wp-content\/uploads\/2020\/01\/IMG_0372-1024x683.jpg\" alt=\"\" data-id=\"722\" data-full-url=\"http:\/\/fahr-laessig.net\/wp-content\/uploads\/2020\/01\/IMG_0372.jpg\" data-link=\"http:\/\/fahr-laessig.net\/?attachment_id=722\" class=\"wp-image-722\" srcset=\"http:\/\/fahr-laessig.net\/wp-content\/uploads\/2020\/01\/IMG_0372-1024x683.jpg 1024w, http:\/\/fahr-laessig.net\/wp-content\/uploads\/2020\/01\/IMG_0372-300x200.jpg 300w, http:\/\/fahr-laessig.net\/wp-content\/uploads\/2020\/01\/IMG_0372-768x512.jpg 768w, http:\/\/fahr-laessig.net\/wp-content\/uploads\/2020\/01\/IMG_0372-600x400.jpg 600w, http:\/\/fahr-laessig.net\/wp-content\/uploads\/2020\/01\/IMG_0372-460x307.jpg 460w, http:\/\/fahr-laessig.net\/wp-content\/uploads\/2020\/01\/IMG_0372-688x459.jpg 688w, http:\/\/fahr-laessig.net\/wp-content\/uploads\/2020\/01\/IMG_0372.jpg 1200w\" sizes=\"(max-width: 1024px) 100vw, 1024px\" \/><\/a><\/figure><\/li><\/ul><\/figure>\n\n\n\n<p><\/p>\n","protected":false},"excerpt":{"rendered":"<p>Wir sind auf die Katze gekommen. Im Grenzgebiet zwischen Portugal und Spanien standen wir auf einem Campingplatz und hatten immer noch das schlechte Wetter, welches uns bereits seit dem Kantabrischen Meer begleitete. Es waren kaum Touristen unterwegs und unter dem Wohnmobil unseres Nachbarns h\u00f6rte man es jammern. Zwischen Vorderachse und \u00d6lwanne seines Ducatos spitzte immer [&hellip;]<\/p>\n","protected":false},"author":1,"featured_media":701,"comment_status":"closed","ping_status":"open","sticky":false,"template":"","format":"standard","meta":[],"categories":[8,1],"tags":[],"_links":{"self":[{"href":"http:\/\/fahr-laessig.net\/index.php?rest_route=\/wp\/v2\/posts\/546"}],"collection":[{"href":"http:\/\/fahr-laessig.net\/index.php?rest_route=\/wp\/v2\/posts"}],"about":[{"href":"http:\/\/fahr-laessig.net\/index.php?rest_route=\/wp\/v2\/types\/post"}],"author":[{"embeddable":true,"href":"http:\/\/fahr-laessig.net\/index.php?rest_route=\/wp\/v2\/users\/1"}],"replies":[{"embeddable":true,"href":"http:\/\/fahr-laessig.net\/index.php?rest_route=%2Fwp%2Fv2%2Fcomments&post=546"}],"version-history":[{"count":14,"href":"http:\/\/fahr-laessig.net\/index.php?rest_route=\/wp\/v2\/posts\/546\/revisions"}],"predecessor-version":[{"id":727,"href":"http:\/\/fahr-laessig.net\/index.php?rest_route=\/wp\/v2\/posts\/546\/revisions\/727"}],"wp:featuredmedia":[{"embeddable":true,"href":"http:\/\/fahr-laessig.net\/index.php?rest_route=\/wp\/v2\/media\/701"}],"wp:attachment":[{"href":"http:\/\/fahr-laessig.net\/index.php?rest_route=%2Fwp%2Fv2%2Fmedia&parent=546"}],"wp:term":[{"taxonomy":"category","embeddable":true,"href":"http:\/\/fahr-laessig.net\/index.php?rest_route=%2Fwp%2Fv2%2Fcategories&post=546"},{"taxonomy":"post_tag","embeddable":true,"href":"http:\/\/fahr-laessig.net\/index.php?rest_route=%2Fwp%2Fv2%2Ftags&post=546"}],"curies":[{"name":"wp","href":"https:\/\/api.w.org\/{rel}","templated":true}]}}