{"id":511,"date":"2019-12-05T21:48:33","date_gmt":"2019-12-05T19:48:33","guid":{"rendered":"http:\/\/fahr-laessig.net\/?p=511"},"modified":"2020-01-07T20:08:55","modified_gmt":"2020-01-07T18:08:55","slug":"nordportugiesische-kueste","status":"publish","type":"post","link":"http:\/\/fahr-laessig.net\/?p=511","title":{"rendered":"Nordportugiesische K\u00fcste"},"content":{"rendered":"\n<p>Weite, einsame Str\u00e4nde erwarten einen in Nordportugal. Au\u00dferhalb der Saison ist man v\u00f6llig alleine an den Sandstr\u00e4nden und kann kilometerweit Spazierengehen und Muscheln sammeln. Einzelne kleinere Orte, wie Villa do Conde, stechen heraus und sind einen Besuch wert. Hier sind das Schiffsbaumuseum, sowie das Klarissenkloster mit einem imposanten Aqu\u00e4dukt, hervorzuheben. Eine im Ort ans\u00e4ssige Werft hat f\u00fcr das Museum eine Karvalle originalgetreu nachgebaut, die man besichtigten kann und die einen so den Aufstieg Portugals als Seemacht nachempfinden l\u00e4sst. Weiter s\u00fcdlich liegt die \u00fcber 200000 Einwohner z\u00e4hlende Stadt Porto, welche im November h\u00e4ufig durchwachsenes Wetter hat. Nichtsdestotrotz sind die Br\u00fccken \u00fcber den Douro imposant und ihre Lage auf den steilen Ufern machen sie einzigartig. F\u00fcr diese kalten Tage bietet es sich an, auf ein lokales Produkt zur\u00fcckzugreifen, Portwein.<\/p>\n\n\n\n<figure class=\"is-layout-flex wp-block-gallery-1 wp-block-gallery columns-3 is-cropped\"><ul class=\"blocks-gallery-grid\"><li class=\"blocks-gallery-item\"><figure><a href=\"http:\/\/fahr-laessig.net\/wp-content\/uploads\/2019\/11\/MG_9868.jpg\"><img decoding=\"async\" loading=\"lazy\" width=\"1024\" height=\"683\" src=\"http:\/\/fahr-laessig.net\/wp-content\/uploads\/2019\/11\/MG_9868-1024x683.jpg\" alt=\"\" data-id=\"508\" data-full-url=\"http:\/\/fahr-laessig.net\/wp-content\/uploads\/2019\/11\/MG_9868.jpg\" data-link=\"http:\/\/fahr-laessig.net\/?attachment_id=508\" class=\"wp-image-508\" srcset=\"http:\/\/fahr-laessig.net\/wp-content\/uploads\/2019\/11\/MG_9868-1024x683.jpg 1024w, http:\/\/fahr-laessig.net\/wp-content\/uploads\/2019\/11\/MG_9868-300x200.jpg 300w, http:\/\/fahr-laessig.net\/wp-content\/uploads\/2019\/11\/MG_9868-768x512.jpg 768w, http:\/\/fahr-laessig.net\/wp-content\/uploads\/2019\/11\/MG_9868-600x400.jpg 600w, http:\/\/fahr-laessig.net\/wp-content\/uploads\/2019\/11\/MG_9868-460x307.jpg 460w, http:\/\/fahr-laessig.net\/wp-content\/uploads\/2019\/11\/MG_9868-688x459.jpg 688w, http:\/\/fahr-laessig.net\/wp-content\/uploads\/2019\/11\/MG_9868.jpg 1200w\" sizes=\"(max-width: 1024px) 100vw, 1024px\" \/><\/a><figcaption class=\"blocks-gallery-item__caption\">Kormoran.<\/figcaption><\/figure><\/li><li class=\"blocks-gallery-item\"><figure><a href=\"http:\/\/fahr-laessig.net\/wp-content\/uploads\/2019\/12\/MG_9872.jpg\"><img decoding=\"async\" loading=\"lazy\" width=\"1024\" height=\"683\" src=\"http:\/\/fahr-laessig.net\/wp-content\/uploads\/2019\/12\/MG_9872-1024x683.jpg\" alt=\"\" data-id=\"515\" data-full-url=\"http:\/\/fahr-laessig.net\/wp-content\/uploads\/2019\/12\/MG_9872.jpg\" data-link=\"http:\/\/fahr-laessig.net\/?attachment_id=515\" class=\"wp-image-515\" srcset=\"http:\/\/fahr-laessig.net\/wp-content\/uploads\/2019\/12\/MG_9872-1024x683.jpg 1024w, http:\/\/fahr-laessig.net\/wp-content\/uploads\/2019\/12\/MG_9872-300x200.jpg 300w, http:\/\/fahr-laessig.net\/wp-content\/uploads\/2019\/12\/MG_9872-768x512.jpg 768w, http:\/\/fahr-laessig.net\/wp-content\/uploads\/2019\/12\/MG_9872-600x400.jpg 600w, http:\/\/fahr-laessig.net\/wp-content\/uploads\/2019\/12\/MG_9872-460x307.jpg 460w, http:\/\/fahr-laessig.net\/wp-content\/uploads\/2019\/12\/MG_9872-688x459.jpg 688w, http:\/\/fahr-laessig.net\/wp-content\/uploads\/2019\/12\/MG_9872.jpg 1500w\" sizes=\"(max-width: 1024px) 100vw, 1024px\" \/><\/a><figcaption class=\"blocks-gallery-item__caption\">Karavellennachbau.<\/figcaption><\/figure><\/li><li class=\"blocks-gallery-item\"><figure><a href=\"http:\/\/fahr-laessig.net\/wp-content\/uploads\/2019\/11\/MG_9884.jpg\"><img decoding=\"async\" loading=\"lazy\" width=\"1024\" height=\"683\" src=\"http:\/\/fahr-laessig.net\/wp-content\/uploads\/2019\/11\/MG_9884-1024x683.jpg\" alt=\"\" data-id=\"507\" data-full-url=\"http:\/\/fahr-laessig.net\/wp-content\/uploads\/2019\/11\/MG_9884.jpg\" data-link=\"http:\/\/fahr-laessig.net\/?attachment_id=507\" class=\"wp-image-507\" srcset=\"http:\/\/fahr-laessig.net\/wp-content\/uploads\/2019\/11\/MG_9884-1024x683.jpg 1024w, http:\/\/fahr-laessig.net\/wp-content\/uploads\/2019\/11\/MG_9884-300x200.jpg 300w, http:\/\/fahr-laessig.net\/wp-content\/uploads\/2019\/11\/MG_9884-768x512.jpg 768w, http:\/\/fahr-laessig.net\/wp-content\/uploads\/2019\/11\/MG_9884-600x400.jpg 600w, http:\/\/fahr-laessig.net\/wp-content\/uploads\/2019\/11\/MG_9884-460x307.jpg 460w, http:\/\/fahr-laessig.net\/wp-content\/uploads\/2019\/11\/MG_9884-688x459.jpg 688w, http:\/\/fahr-laessig.net\/wp-content\/uploads\/2019\/11\/MG_9884.jpg 1200w\" sizes=\"(max-width: 1024px) 100vw, 1024px\" \/><\/a><figcaption class=\"blocks-gallery-item__caption\">Kirchenportal aus Sandstein.<\/figcaption><\/figure><\/li><li class=\"blocks-gallery-item\"><figure><a href=\"http:\/\/fahr-laessig.net\/wp-content\/uploads\/2019\/11\/MG_9887.jpg\"><img decoding=\"async\" loading=\"lazy\" width=\"1024\" height=\"683\" src=\"http:\/\/fahr-laessig.net\/wp-content\/uploads\/2019\/11\/MG_9887-1024x683.jpg\" alt=\"\" data-id=\"506\" data-full-url=\"http:\/\/fahr-laessig.net\/wp-content\/uploads\/2019\/11\/MG_9887.jpg\" data-link=\"http:\/\/fahr-laessig.net\/?attachment_id=506\" class=\"wp-image-506\" srcset=\"http:\/\/fahr-laessig.net\/wp-content\/uploads\/2019\/11\/MG_9887-1024x683.jpg 1024w, http:\/\/fahr-laessig.net\/wp-content\/uploads\/2019\/11\/MG_9887-300x200.jpg 300w, http:\/\/fahr-laessig.net\/wp-content\/uploads\/2019\/11\/MG_9887-768x512.jpg 768w, http:\/\/fahr-laessig.net\/wp-content\/uploads\/2019\/11\/MG_9887-600x400.jpg 600w, http:\/\/fahr-laessig.net\/wp-content\/uploads\/2019\/11\/MG_9887-460x307.jpg 460w, http:\/\/fahr-laessig.net\/wp-content\/uploads\/2019\/11\/MG_9887-688x459.jpg 688w, http:\/\/fahr-laessig.net\/wp-content\/uploads\/2019\/11\/MG_9887.jpg 1200w\" sizes=\"(max-width: 1024px) 100vw, 1024px\" \/><\/a><figcaption class=\"blocks-gallery-item__caption\">Schandpfahl.<\/figcaption><\/figure><\/li><li class=\"blocks-gallery-item\"><figure><a href=\"http:\/\/fahr-laessig.net\/wp-content\/uploads\/2019\/11\/MG_9898.jpg\"><img decoding=\"async\" loading=\"lazy\" width=\"1024\" height=\"683\" src=\"http:\/\/fahr-laessig.net\/wp-content\/uploads\/2019\/11\/MG_9898-1024x683.jpg\" alt=\"\" data-id=\"505\" data-full-url=\"http:\/\/fahr-laessig.net\/wp-content\/uploads\/2019\/11\/MG_9898.jpg\" data-link=\"http:\/\/fahr-laessig.net\/?attachment_id=505\" class=\"wp-image-505\" srcset=\"http:\/\/fahr-laessig.net\/wp-content\/uploads\/2019\/11\/MG_9898-1024x683.jpg 1024w, http:\/\/fahr-laessig.net\/wp-content\/uploads\/2019\/11\/MG_9898-300x200.jpg 300w, http:\/\/fahr-laessig.net\/wp-content\/uploads\/2019\/11\/MG_9898-768x512.jpg 768w, http:\/\/fahr-laessig.net\/wp-content\/uploads\/2019\/11\/MG_9898-600x400.jpg 600w, http:\/\/fahr-laessig.net\/wp-content\/uploads\/2019\/11\/MG_9898-460x307.jpg 460w, http:\/\/fahr-laessig.net\/wp-content\/uploads\/2019\/11\/MG_9898-688x459.jpg 688w, http:\/\/fahr-laessig.net\/wp-content\/uploads\/2019\/11\/MG_9898.jpg 1200w\" sizes=\"(max-width: 1024px) 100vw, 1024px\" \/><\/a><figcaption class=\"blocks-gallery-item__caption\">Freestyle-Azulejos in der Kirche.<\/figcaption><\/figure><\/li><li class=\"blocks-gallery-item\"><figure><a href=\"http:\/\/fahr-laessig.net\/wp-content\/uploads\/2019\/11\/MG_9881.jpg\"><img decoding=\"async\" loading=\"lazy\" width=\"1024\" height=\"683\" src=\"http:\/\/fahr-laessig.net\/wp-content\/uploads\/2019\/11\/MG_9881-1024x683.jpg\" alt=\"\" data-id=\"503\" data-full-url=\"http:\/\/fahr-laessig.net\/wp-content\/uploads\/2019\/11\/MG_9881.jpg\" data-link=\"http:\/\/fahr-laessig.net\/?attachment_id=503\" class=\"wp-image-503\" srcset=\"http:\/\/fahr-laessig.net\/wp-content\/uploads\/2019\/11\/MG_9881-1024x683.jpg 1024w, http:\/\/fahr-laessig.net\/wp-content\/uploads\/2019\/11\/MG_9881-300x200.jpg 300w, http:\/\/fahr-laessig.net\/wp-content\/uploads\/2019\/11\/MG_9881-768x512.jpg 768w, http:\/\/fahr-laessig.net\/wp-content\/uploads\/2019\/11\/MG_9881-600x400.jpg 600w, http:\/\/fahr-laessig.net\/wp-content\/uploads\/2019\/11\/MG_9881-460x307.jpg 460w, http:\/\/fahr-laessig.net\/wp-content\/uploads\/2019\/11\/MG_9881-688x459.jpg 688w, http:\/\/fahr-laessig.net\/wp-content\/uploads\/2019\/11\/MG_9881.jpg 1200w\" sizes=\"(max-width: 1024px) 100vw, 1024px\" \/><\/a><figcaption class=\"blocks-gallery-item__caption\">Aqu\u00e4dukt.<\/figcaption><\/figure><\/li><li class=\"blocks-gallery-item\"><figure><a href=\"http:\/\/fahr-laessig.net\/wp-content\/uploads\/2019\/11\/MG_9877.jpg\"><img decoding=\"async\" loading=\"lazy\" width=\"1024\" height=\"683\" src=\"http:\/\/fahr-laessig.net\/wp-content\/uploads\/2019\/11\/MG_9877-1024x683.jpg\" alt=\"\" data-id=\"504\" data-full-url=\"http:\/\/fahr-laessig.net\/wp-content\/uploads\/2019\/11\/MG_9877.jpg\" data-link=\"http:\/\/fahr-laessig.net\/?attachment_id=504\" class=\"wp-image-504\" srcset=\"http:\/\/fahr-laessig.net\/wp-content\/uploads\/2019\/11\/MG_9877-1024x683.jpg 1024w, http:\/\/fahr-laessig.net\/wp-content\/uploads\/2019\/11\/MG_9877-300x200.jpg 300w, http:\/\/fahr-laessig.net\/wp-content\/uploads\/2019\/11\/MG_9877-768x512.jpg 768w, http:\/\/fahr-laessig.net\/wp-content\/uploads\/2019\/11\/MG_9877-600x400.jpg 600w, http:\/\/fahr-laessig.net\/wp-content\/uploads\/2019\/11\/MG_9877-460x307.jpg 460w, http:\/\/fahr-laessig.net\/wp-content\/uploads\/2019\/11\/MG_9877-688x459.jpg 688w, http:\/\/fahr-laessig.net\/wp-content\/uploads\/2019\/11\/MG_9877.jpg 1200w\" sizes=\"(max-width: 1024px) 100vw, 1024px\" \/><\/a><figcaption class=\"blocks-gallery-item__caption\">Klarissenkloster.<\/figcaption><\/figure><\/li><li class=\"blocks-gallery-item\"><figure><a href=\"http:\/\/fahr-laessig.net\/wp-content\/uploads\/2019\/12\/Pano_Porto-scaled.jpg\"><img decoding=\"async\" loading=\"lazy\" width=\"1024\" height=\"364\" src=\"http:\/\/fahr-laessig.net\/wp-content\/uploads\/2019\/12\/Pano_Porto-1024x364.jpg\" alt=\"\" data-id=\"516\" data-full-url=\"http:\/\/fahr-laessig.net\/wp-content\/uploads\/2019\/12\/Pano_Porto-scaled.jpg\" data-link=\"http:\/\/fahr-laessig.net\/?attachment_id=516\" class=\"wp-image-516\" srcset=\"http:\/\/fahr-laessig.net\/wp-content\/uploads\/2019\/12\/Pano_Porto-1024x364.jpg 1024w, http:\/\/fahr-laessig.net\/wp-content\/uploads\/2019\/12\/Pano_Porto-300x107.jpg 300w, http:\/\/fahr-laessig.net\/wp-content\/uploads\/2019\/12\/Pano_Porto-768x273.jpg 768w, http:\/\/fahr-laessig.net\/wp-content\/uploads\/2019\/12\/Pano_Porto-1536x547.jpg 1536w, http:\/\/fahr-laessig.net\/wp-content\/uploads\/2019\/12\/Pano_Porto-2048x729.jpg 2048w, http:\/\/fahr-laessig.net\/wp-content\/uploads\/2019\/12\/Pano_Porto-460x164.jpg 460w, http:\/\/fahr-laessig.net\/wp-content\/uploads\/2019\/12\/Pano_Porto-688x245.jpg 688w\" sizes=\"(max-width: 1024px) 100vw, 1024px\" \/><\/a><figcaption class=\"blocks-gallery-item__caption\">Porto.<\/figcaption><\/figure><\/li><\/ul><\/figure>\n","protected":false},"excerpt":{"rendered":"<p>Weite, einsame Str\u00e4nde erwarten einen in Nordportugal. Au\u00dferhalb der Saison ist man v\u00f6llig alleine an den Sandstr\u00e4nden und kann kilometerweit Spazierengehen und Muscheln sammeln. Einzelne kleinere Orte, wie Villa do Conde, stechen heraus und sind einen Besuch wert. Hier sind das Schiffsbaumuseum, sowie das Klarissenkloster mit einem imposanten Aqu\u00e4dukt, hervorzuheben. Eine im Ort ans\u00e4ssige Werft [&hellip;]<\/p>\n","protected":false},"author":1,"featured_media":510,"comment_status":"closed","ping_status":"open","sticky":false,"template":"","format":"standard","meta":[],"categories":[8,1],"tags":[],"_links":{"self":[{"href":"http:\/\/fahr-laessig.net\/index.php?rest_route=\/wp\/v2\/posts\/511"}],"collection":[{"href":"http:\/\/fahr-laessig.net\/index.php?rest_route=\/wp\/v2\/posts"}],"about":[{"href":"http:\/\/fahr-laessig.net\/index.php?rest_route=\/wp\/v2\/types\/post"}],"author":[{"embeddable":true,"href":"http:\/\/fahr-laessig.net\/index.php?rest_route=\/wp\/v2\/users\/1"}],"replies":[{"embeddable":true,"href":"http:\/\/fahr-laessig.net\/index.php?rest_route=%2Fwp%2Fv2%2Fcomments&post=511"}],"version-history":[{"count":10,"href":"http:\/\/fahr-laessig.net\/index.php?rest_route=\/wp\/v2\/posts\/511\/revisions"}],"predecessor-version":[{"id":539,"href":"http:\/\/fahr-laessig.net\/index.php?rest_route=\/wp\/v2\/posts\/511\/revisions\/539"}],"wp:featuredmedia":[{"embeddable":true,"href":"http:\/\/fahr-laessig.net\/index.php?rest_route=\/wp\/v2\/media\/510"}],"wp:attachment":[{"href":"http:\/\/fahr-laessig.net\/index.php?rest_route=%2Fwp%2Fv2%2Fmedia&parent=511"}],"wp:term":[{"taxonomy":"category","embeddable":true,"href":"http:\/\/fahr-laessig.net\/index.php?rest_route=%2Fwp%2Fv2%2Fcategories&post=511"},{"taxonomy":"post_tag","embeddable":true,"href":"http:\/\/fahr-laessig.net\/index.php?rest_route=%2Fwp%2Fv2%2Ftags&post=511"}],"curies":[{"name":"wp","href":"https:\/\/api.w.org\/{rel}","templated":true}]}}