{"id":421,"date":"2019-11-20T13:15:19","date_gmt":"2019-11-20T11:15:19","guid":{"rendered":"http:\/\/fahr-laessig.net\/?p=421"},"modified":"2019-11-24T19:24:21","modified_gmt":"2019-11-24T17:24:21","slug":"santiago-de-compostella","status":"publish","type":"post","link":"http:\/\/fahr-laessig.net\/?p=421","title":{"rendered":"Santiago de Compostela"},"content":{"rendered":"\n<p>Jakobus der \u00c4ltere, einer der J\u00fcnger Jesu, soll angeblich auf der Iberischen Halbinsel in Spanien missioniert haben. Sein Grab wurde jedoch, so erz\u00e4hlt man sich, erst nach dem Jahr 800 von einem Hirten auf dem Sternenfeld wiederentdeckt. Z\u00fcgig begann man mit dem Bau einer Wallfahrtskirche, die sich zu einem der bedeutendsten Wallfahrtsorte der Christenheit entwickelte. Als sp\u00e4ter Jakobus auch noch in die Reconquista der Spanier gegen die Mauren eingriff, wurde er der Nationalheilige Spaniens. Wenngleich die Heiligengeschichte keineswegs die historische Wahrheit wiedergibt, erlebt das Pilgern nach Santiago heute wieder eine Renaissance. Zahlreiche Pilger tummeln sich um die Kathedrale und bev\u00f6lkern die sch\u00f6nen Pl\u00e4tze und Gassen der Altstadt.<\/p>\n\n\n\n<figure class=\"is-layout-flex wp-block-gallery-1 wp-block-gallery columns-3 is-cropped\"><ul class=\"blocks-gallery-grid\"><li class=\"blocks-gallery-item\"><figure><a href=\"http:\/\/fahr-laessig.net\/wp-content\/uploads\/2019\/11\/MG_9492.jpg\"><img decoding=\"async\" loading=\"lazy\" width=\"1024\" height=\"683\" src=\"http:\/\/fahr-laessig.net\/wp-content\/uploads\/2019\/11\/MG_9492-1024x683.jpg\" alt=\"\" data-id=\"430\" data-full-url=\"http:\/\/fahr-laessig.net\/wp-content\/uploads\/2019\/11\/MG_9492.jpg\" data-link=\"http:\/\/fahr-laessig.net\/?attachment_id=430\" class=\"wp-image-430\" srcset=\"http:\/\/fahr-laessig.net\/wp-content\/uploads\/2019\/11\/MG_9492-1024x683.jpg 1024w, http:\/\/fahr-laessig.net\/wp-content\/uploads\/2019\/11\/MG_9492-300x200.jpg 300w, http:\/\/fahr-laessig.net\/wp-content\/uploads\/2019\/11\/MG_9492-768x512.jpg 768w, http:\/\/fahr-laessig.net\/wp-content\/uploads\/2019\/11\/MG_9492-600x400.jpg 600w, http:\/\/fahr-laessig.net\/wp-content\/uploads\/2019\/11\/MG_9492-460x307.jpg 460w, http:\/\/fahr-laessig.net\/wp-content\/uploads\/2019\/11\/MG_9492-688x459.jpg 688w, http:\/\/fahr-laessig.net\/wp-content\/uploads\/2019\/11\/MG_9492.jpg 1500w\" sizes=\"(max-width: 1024px) 100vw, 1024px\" \/><\/a><figcaption class=\"blocks-gallery-item__caption\">Detail der Westfassade <\/figcaption><\/figure><\/li><li class=\"blocks-gallery-item\"><figure><a href=\"http:\/\/fahr-laessig.net\/wp-content\/uploads\/2019\/11\/MG_9498.jpg\"><img decoding=\"async\" loading=\"lazy\" width=\"1024\" height=\"683\" src=\"http:\/\/fahr-laessig.net\/wp-content\/uploads\/2019\/11\/MG_9498-1024x683.jpg\" alt=\"\" data-id=\"429\" data-full-url=\"http:\/\/fahr-laessig.net\/wp-content\/uploads\/2019\/11\/MG_9498.jpg\" data-link=\"http:\/\/fahr-laessig.net\/?attachment_id=429\" class=\"wp-image-429\" srcset=\"http:\/\/fahr-laessig.net\/wp-content\/uploads\/2019\/11\/MG_9498-1024x683.jpg 1024w, http:\/\/fahr-laessig.net\/wp-content\/uploads\/2019\/11\/MG_9498-300x200.jpg 300w, http:\/\/fahr-laessig.net\/wp-content\/uploads\/2019\/11\/MG_9498-768x512.jpg 768w, http:\/\/fahr-laessig.net\/wp-content\/uploads\/2019\/11\/MG_9498-600x400.jpg 600w, http:\/\/fahr-laessig.net\/wp-content\/uploads\/2019\/11\/MG_9498-460x307.jpg 460w, http:\/\/fahr-laessig.net\/wp-content\/uploads\/2019\/11\/MG_9498-688x459.jpg 688w, http:\/\/fahr-laessig.net\/wp-content\/uploads\/2019\/11\/MG_9498.jpg 1200w\" sizes=\"(max-width: 1024px) 100vw, 1024px\" \/><\/a><figcaption class=\"blocks-gallery-item__caption\">Decke im Hochaltar.<\/figcaption><\/figure><\/li><li class=\"blocks-gallery-item\"><figure><a href=\"http:\/\/fahr-laessig.net\/wp-content\/uploads\/2019\/11\/MG_9521.jpg\"><img decoding=\"async\" loading=\"lazy\" width=\"1024\" height=\"683\" src=\"http:\/\/fahr-laessig.net\/wp-content\/uploads\/2019\/11\/MG_9521-1024x683.jpg\" alt=\"\" data-id=\"427\" data-full-url=\"http:\/\/fahr-laessig.net\/wp-content\/uploads\/2019\/11\/MG_9521.jpg\" data-link=\"http:\/\/fahr-laessig.net\/?attachment_id=427\" class=\"wp-image-427\" srcset=\"http:\/\/fahr-laessig.net\/wp-content\/uploads\/2019\/11\/MG_9521-1024x683.jpg 1024w, http:\/\/fahr-laessig.net\/wp-content\/uploads\/2019\/11\/MG_9521-300x200.jpg 300w, http:\/\/fahr-laessig.net\/wp-content\/uploads\/2019\/11\/MG_9521-768x512.jpg 768w, http:\/\/fahr-laessig.net\/wp-content\/uploads\/2019\/11\/MG_9521-600x400.jpg 600w, http:\/\/fahr-laessig.net\/wp-content\/uploads\/2019\/11\/MG_9521-460x307.jpg 460w, http:\/\/fahr-laessig.net\/wp-content\/uploads\/2019\/11\/MG_9521-688x459.jpg 688w, http:\/\/fahr-laessig.net\/wp-content\/uploads\/2019\/11\/MG_9521.jpg 1200w\" sizes=\"(max-width: 1024px) 100vw, 1024px\" \/><\/a><figcaption class=\"blocks-gallery-item__caption\">Fuente dos Cavalos.<\/figcaption><\/figure><\/li><li class=\"blocks-gallery-item\"><figure><a href=\"http:\/\/fahr-laessig.net\/wp-content\/uploads\/2019\/11\/MG_9523.jpg\"><img decoding=\"async\" loading=\"lazy\" width=\"683\" height=\"1024\" src=\"http:\/\/fahr-laessig.net\/wp-content\/uploads\/2019\/11\/MG_9523-683x1024.jpg\" alt=\"\" data-id=\"426\" data-full-url=\"http:\/\/fahr-laessig.net\/wp-content\/uploads\/2019\/11\/MG_9523.jpg\" data-link=\"http:\/\/fahr-laessig.net\/?attachment_id=426\" class=\"wp-image-426\" srcset=\"http:\/\/fahr-laessig.net\/wp-content\/uploads\/2019\/11\/MG_9523-683x1024.jpg 683w, http:\/\/fahr-laessig.net\/wp-content\/uploads\/2019\/11\/MG_9523-200x300.jpg 200w, http:\/\/fahr-laessig.net\/wp-content\/uploads\/2019\/11\/MG_9523-768x1152.jpg 768w, http:\/\/fahr-laessig.net\/wp-content\/uploads\/2019\/11\/MG_9523-232x348.jpg 232w, http:\/\/fahr-laessig.net\/wp-content\/uploads\/2019\/11\/MG_9523-688x1032.jpg 688w, http:\/\/fahr-laessig.net\/wp-content\/uploads\/2019\/11\/MG_9523.jpg 800w\" sizes=\"(max-width: 683px) 100vw, 683px\" \/><\/a><figcaption class=\"blocks-gallery-item__caption\">Uhrenturm.<\/figcaption><\/figure><\/li><li class=\"blocks-gallery-item\"><figure><a href=\"http:\/\/fahr-laessig.net\/wp-content\/uploads\/2019\/11\/MG_9535.jpg\"><img decoding=\"async\" loading=\"lazy\" width=\"1024\" height=\"683\" src=\"http:\/\/fahr-laessig.net\/wp-content\/uploads\/2019\/11\/MG_9535-1024x683.jpg\" alt=\"\" data-id=\"424\" data-full-url=\"http:\/\/fahr-laessig.net\/wp-content\/uploads\/2019\/11\/MG_9535.jpg\" data-link=\"http:\/\/fahr-laessig.net\/?attachment_id=424\" class=\"wp-image-424\" srcset=\"http:\/\/fahr-laessig.net\/wp-content\/uploads\/2019\/11\/MG_9535-1024x683.jpg 1024w, http:\/\/fahr-laessig.net\/wp-content\/uploads\/2019\/11\/MG_9535-300x200.jpg 300w, http:\/\/fahr-laessig.net\/wp-content\/uploads\/2019\/11\/MG_9535-768x512.jpg 768w, http:\/\/fahr-laessig.net\/wp-content\/uploads\/2019\/11\/MG_9535-600x400.jpg 600w, http:\/\/fahr-laessig.net\/wp-content\/uploads\/2019\/11\/MG_9535-460x307.jpg 460w, http:\/\/fahr-laessig.net\/wp-content\/uploads\/2019\/11\/MG_9535-688x459.jpg 688w, http:\/\/fahr-laessig.net\/wp-content\/uploads\/2019\/11\/MG_9535.jpg 1200w\" sizes=\"(max-width: 1024px) 100vw, 1024px\" \/><\/a><figcaption class=\"blocks-gallery-item__caption\">Decke des Kreuzgangs.<\/figcaption><\/figure><\/li><li class=\"blocks-gallery-item\"><figure><a href=\"http:\/\/fahr-laessig.net\/wp-content\/uploads\/2019\/11\/MG_9561.jpg\"><img decoding=\"async\" loading=\"lazy\" width=\"1024\" height=\"683\" src=\"http:\/\/fahr-laessig.net\/wp-content\/uploads\/2019\/11\/MG_9561-1024x683.jpg\" alt=\"\" data-id=\"423\" data-full-url=\"http:\/\/fahr-laessig.net\/wp-content\/uploads\/2019\/11\/MG_9561.jpg\" data-link=\"http:\/\/fahr-laessig.net\/?attachment_id=423\" class=\"wp-image-423\" srcset=\"http:\/\/fahr-laessig.net\/wp-content\/uploads\/2019\/11\/MG_9561-1024x683.jpg 1024w, http:\/\/fahr-laessig.net\/wp-content\/uploads\/2019\/11\/MG_9561-300x200.jpg 300w, http:\/\/fahr-laessig.net\/wp-content\/uploads\/2019\/11\/MG_9561-768x512.jpg 768w, http:\/\/fahr-laessig.net\/wp-content\/uploads\/2019\/11\/MG_9561-600x400.jpg 600w, http:\/\/fahr-laessig.net\/wp-content\/uploads\/2019\/11\/MG_9561-460x307.jpg 460w, http:\/\/fahr-laessig.net\/wp-content\/uploads\/2019\/11\/MG_9561-688x459.jpg 688w, http:\/\/fahr-laessig.net\/wp-content\/uploads\/2019\/11\/MG_9561.jpg 1200w\" sizes=\"(max-width: 1024px) 100vw, 1024px\" \/><\/a><figcaption class=\"blocks-gallery-item__caption\">Nordostturm.<\/figcaption><\/figure><\/li><li class=\"blocks-gallery-item\"><figure><a href=\"http:\/\/fahr-laessig.net\/wp-content\/uploads\/2019\/11\/MG_9499.jpg\"><img decoding=\"async\" loading=\"lazy\" width=\"1024\" height=\"683\" src=\"http:\/\/fahr-laessig.net\/wp-content\/uploads\/2019\/11\/MG_9499-1024x683.jpg\" alt=\"\" data-id=\"428\" data-full-url=\"http:\/\/fahr-laessig.net\/wp-content\/uploads\/2019\/11\/MG_9499.jpg\" data-link=\"http:\/\/fahr-laessig.net\/?attachment_id=428\" class=\"wp-image-428\" srcset=\"http:\/\/fahr-laessig.net\/wp-content\/uploads\/2019\/11\/MG_9499-1024x683.jpg 1024w, http:\/\/fahr-laessig.net\/wp-content\/uploads\/2019\/11\/MG_9499-300x200.jpg 300w, http:\/\/fahr-laessig.net\/wp-content\/uploads\/2019\/11\/MG_9499-768x512.jpg 768w, http:\/\/fahr-laessig.net\/wp-content\/uploads\/2019\/11\/MG_9499-600x400.jpg 600w, http:\/\/fahr-laessig.net\/wp-content\/uploads\/2019\/11\/MG_9499-460x307.jpg 460w, http:\/\/fahr-laessig.net\/wp-content\/uploads\/2019\/11\/MG_9499-688x459.jpg 688w, http:\/\/fahr-laessig.net\/wp-content\/uploads\/2019\/11\/MG_9499.jpg 1200w\" sizes=\"(max-width: 1024px) 100vw, 1024px\" \/><\/a><figcaption class=\"blocks-gallery-item__caption\">Silberne Pelerine des Hl. Jakobus.<\/figcaption><\/figure><\/li><\/ul><\/figure>\n","protected":false},"excerpt":{"rendered":"<p>Jakobus der \u00c4ltere, einer der J\u00fcnger Jesu, soll angeblich auf der Iberischen Halbinsel in Spanien missioniert haben. Sein Grab wurde jedoch, so erz\u00e4hlt man sich, erst nach dem Jahr 800 von einem Hirten auf dem Sternenfeld wiederentdeckt. Z\u00fcgig begann man mit dem Bau einer Wallfahrtskirche, die sich zu einem der bedeutendsten Wallfahrtsorte der Christenheit entwickelte. [&hellip;]<\/p>\n","protected":false},"author":1,"featured_media":425,"comment_status":"closed","ping_status":"open","sticky":false,"template":"","format":"standard","meta":[],"categories":[1],"tags":[],"_links":{"self":[{"href":"http:\/\/fahr-laessig.net\/index.php?rest_route=\/wp\/v2\/posts\/421"}],"collection":[{"href":"http:\/\/fahr-laessig.net\/index.php?rest_route=\/wp\/v2\/posts"}],"about":[{"href":"http:\/\/fahr-laessig.net\/index.php?rest_route=\/wp\/v2\/types\/post"}],"author":[{"embeddable":true,"href":"http:\/\/fahr-laessig.net\/index.php?rest_route=\/wp\/v2\/users\/1"}],"replies":[{"embeddable":true,"href":"http:\/\/fahr-laessig.net\/index.php?rest_route=%2Fwp%2Fv2%2Fcomments&post=421"}],"version-history":[{"count":7,"href":"http:\/\/fahr-laessig.net\/index.php?rest_route=\/wp\/v2\/posts\/421\/revisions"}],"predecessor-version":[{"id":468,"href":"http:\/\/fahr-laessig.net\/index.php?rest_route=\/wp\/v2\/posts\/421\/revisions\/468"}],"wp:featuredmedia":[{"embeddable":true,"href":"http:\/\/fahr-laessig.net\/index.php?rest_route=\/wp\/v2\/media\/425"}],"wp:attachment":[{"href":"http:\/\/fahr-laessig.net\/index.php?rest_route=%2Fwp%2Fv2%2Fmedia&parent=421"}],"wp:term":[{"taxonomy":"category","embeddable":true,"href":"http:\/\/fahr-laessig.net\/index.php?rest_route=%2Fwp%2Fv2%2Fcategories&post=421"},{"taxonomy":"post_tag","embeddable":true,"href":"http:\/\/fahr-laessig.net\/index.php?rest_route=%2Fwp%2Fv2%2Ftags&post=421"}],"curies":[{"name":"wp","href":"https:\/\/api.w.org\/{rel}","templated":true}]}}