{"id":414,"date":"2019-11-20T13:15:01","date_gmt":"2019-11-20T11:15:01","guid":{"rendered":"http:\/\/fahr-laessig.net\/?p=414"},"modified":"2020-01-07T20:09:26","modified_gmt":"2020-01-07T18:09:26","slug":"costa-verde","status":"publish","type":"post","link":"http:\/\/fahr-laessig.net\/?p=414","title":{"rendered":"Costa Verde"},"content":{"rendered":"\n<p>Die gr\u00fcne K\u00fcste besteht aus zerkl\u00fcfteten Sandbuchten und wird von zahlreichen Flussm\u00fcndungen unterbrochen. Touristen sind hier weniger unterwegs, insbesondere im Winter, wo die Gegend fast ausgestorben wirkt. Das Gebirge steigt hier relativ schnell an und wird insbesondere von Eukalyptusw\u00e4ldern dominiert. Trotz des zahlreichen Regens, im Vergleich zu anderen Teilen Spaniens, ist diese Baumsorte auch hier nicht unproblematisch. Sie w\u00e4chst sehr schnell und verspricht so eine gute Rendite f\u00fcr die Papierindustrie, aber ben\u00f6tigt verh\u00e4ltnism\u00e4\u00dfig viel Wasser und brennt durch ihren hohen \u00d6lgehalt besonders gut. Trotz der eher naturbelassenen K\u00fcste, gibt es jedoch auch Ausnahmen. Gij\u00f3n, eines der gr\u00f6\u00dften Industriezentren Nordspaniens, besitzt noch heute ein aktives Stahlwerk und ist somit einer der gr\u00f6\u00dften Arbeitgeber in der Region.<\/p>\n\n\n\n<figure class=\"is-layout-flex wp-block-gallery-1 wp-block-gallery columns-2 is-cropped\"><ul class=\"blocks-gallery-grid\"><li class=\"blocks-gallery-item\"><figure><a href=\"http:\/\/fahr-laessig.net\/wp-content\/uploads\/2019\/11\/pano_Lastres-1.jpg\"><img decoding=\"async\" loading=\"lazy\" width=\"1000\" height=\"1000\" src=\"http:\/\/fahr-laessig.net\/wp-content\/uploads\/2019\/11\/pano_Lastres-1.jpg\" alt=\"\" data-id=\"417\" data-full-url=\"http:\/\/fahr-laessig.net\/wp-content\/uploads\/2019\/11\/pano_Lastres-1.jpg\" data-link=\"http:\/\/fahr-laessig.net\/?attachment_id=417\" class=\"wp-image-417\" srcset=\"http:\/\/fahr-laessig.net\/wp-content\/uploads\/2019\/11\/pano_Lastres-1.jpg 1000w, http:\/\/fahr-laessig.net\/wp-content\/uploads\/2019\/11\/pano_Lastres-1-300x300.jpg 300w, http:\/\/fahr-laessig.net\/wp-content\/uploads\/2019\/11\/pano_Lastres-1-150x150.jpg 150w, http:\/\/fahr-laessig.net\/wp-content\/uploads\/2019\/11\/pano_Lastres-1-768x768.jpg 768w, http:\/\/fahr-laessig.net\/wp-content\/uploads\/2019\/11\/pano_Lastres-1-200x200.jpg 200w, http:\/\/fahr-laessig.net\/wp-content\/uploads\/2019\/11\/pano_Lastres-1-348x348.jpg 348w, http:\/\/fahr-laessig.net\/wp-content\/uploads\/2019\/11\/pano_Lastres-1-688x688.jpg 688w\" sizes=\"(max-width: 1000px) 100vw, 1000px\" \/><\/a><figcaption class=\"blocks-gallery-item__caption\">Bucht von Lastres.<\/figcaption><\/figure><\/li><li class=\"blocks-gallery-item\"><figure><a href=\"http:\/\/fahr-laessig.net\/wp-content\/uploads\/2019\/11\/IMG_9649.jpg\"><img decoding=\"async\" loading=\"lazy\" width=\"1024\" height=\"683\" src=\"http:\/\/fahr-laessig.net\/wp-content\/uploads\/2019\/11\/IMG_9649-1024x683.jpg\" alt=\"\" data-id=\"419\" data-full-url=\"http:\/\/fahr-laessig.net\/wp-content\/uploads\/2019\/11\/IMG_9649.jpg\" data-link=\"http:\/\/fahr-laessig.net\/?attachment_id=419\" class=\"wp-image-419\" srcset=\"http:\/\/fahr-laessig.net\/wp-content\/uploads\/2019\/11\/IMG_9649-1024x683.jpg 1024w, http:\/\/fahr-laessig.net\/wp-content\/uploads\/2019\/11\/IMG_9649-300x200.jpg 300w, http:\/\/fahr-laessig.net\/wp-content\/uploads\/2019\/11\/IMG_9649-768x512.jpg 768w, http:\/\/fahr-laessig.net\/wp-content\/uploads\/2019\/11\/IMG_9649-600x400.jpg 600w, http:\/\/fahr-laessig.net\/wp-content\/uploads\/2019\/11\/IMG_9649-460x307.jpg 460w, http:\/\/fahr-laessig.net\/wp-content\/uploads\/2019\/11\/IMG_9649-688x459.jpg 688w, http:\/\/fahr-laessig.net\/wp-content\/uploads\/2019\/11\/IMG_9649.jpg 1500w\" sizes=\"(max-width: 1024px) 100vw, 1024px\" \/><\/a><figcaption class=\"blocks-gallery-item__caption\">Umland von Gij\u00f3n.<\/figcaption><\/figure><\/li><\/ul><\/figure>\n","protected":false},"excerpt":{"rendered":"<p>Die gr\u00fcne K\u00fcste besteht aus zerkl\u00fcfteten Sandbuchten und wird von zahlreichen Flussm\u00fcndungen unterbrochen. Touristen sind hier weniger unterwegs, insbesondere im Winter, wo die Gegend fast ausgestorben wirkt. Das Gebirge steigt hier relativ schnell an und wird insbesondere von Eukalyptusw\u00e4ldern dominiert. Trotz des zahlreichen Regens, im Vergleich zu anderen Teilen Spaniens, ist diese Baumsorte auch hier [&hellip;]<\/p>\n","protected":false},"author":1,"featured_media":418,"comment_status":"closed","ping_status":"open","sticky":false,"template":"","format":"standard","meta":[],"categories":[9,1],"tags":[],"_links":{"self":[{"href":"http:\/\/fahr-laessig.net\/index.php?rest_route=\/wp\/v2\/posts\/414"}],"collection":[{"href":"http:\/\/fahr-laessig.net\/index.php?rest_route=\/wp\/v2\/posts"}],"about":[{"href":"http:\/\/fahr-laessig.net\/index.php?rest_route=\/wp\/v2\/types\/post"}],"author":[{"embeddable":true,"href":"http:\/\/fahr-laessig.net\/index.php?rest_route=\/wp\/v2\/users\/1"}],"replies":[{"embeddable":true,"href":"http:\/\/fahr-laessig.net\/index.php?rest_route=%2Fwp%2Fv2%2Fcomments&post=414"}],"version-history":[{"count":3,"href":"http:\/\/fahr-laessig.net\/index.php?rest_route=\/wp\/v2\/posts\/414\/revisions"}],"predecessor-version":[{"id":420,"href":"http:\/\/fahr-laessig.net\/index.php?rest_route=\/wp\/v2\/posts\/414\/revisions\/420"}],"wp:featuredmedia":[{"embeddable":true,"href":"http:\/\/fahr-laessig.net\/index.php?rest_route=\/wp\/v2\/media\/418"}],"wp:attachment":[{"href":"http:\/\/fahr-laessig.net\/index.php?rest_route=%2Fwp%2Fv2%2Fmedia&parent=414"}],"wp:term":[{"taxonomy":"category","embeddable":true,"href":"http:\/\/fahr-laessig.net\/index.php?rest_route=%2Fwp%2Fv2%2Fcategories&post=414"},{"taxonomy":"post_tag","embeddable":true,"href":"http:\/\/fahr-laessig.net\/index.php?rest_route=%2Fwp%2Fv2%2Ftags&post=414"}],"curies":[{"name":"wp","href":"https:\/\/api.w.org\/{rel}","templated":true}]}}