{"id":401,"date":"2019-11-19T20:44:54","date_gmt":"2019-11-19T18:44:54","guid":{"rendered":"http:\/\/fahr-laessig.net\/?p=401"},"modified":"2020-01-07T20:09:31","modified_gmt":"2020-01-07T18:09:31","slug":"santillana-del-mar","status":"publish","type":"post","link":"http:\/\/fahr-laessig.net\/?p=401","title":{"rendered":"Santillana del Mar"},"content":{"rendered":"\n<p>Das Dorf am Jakobsweg ist vor allem bekannt f\u00fcr die in der N\u00e4he gelegene Altamira H\u00f6hle (unser Artikel <a href=\"http:\/\/fahr-laessig.net\/?p=395\" target=\"_blank\" rel=\"noreferrer noopener\" aria-label=\"hierzu (\u00f6ffnet in neuem Tab)\">hierzu<\/a>). Trotz des Namens liegt es nicht am Meer. Die H\u00e4user, die zwischen dem 15. und 18. Jahrhundert entstanden, weisen zahlreiche Wappen von lokalen Adelsgeschlechtern auf. Das romanische Kloster, la Colegiata, bildet das Zentrum der Siedlung und ist der heiligen Juliana geweiht, was noch im Stadtnamen erkennbar ist.<\/p>\n\n\n\n<figure class=\"is-layout-flex wp-block-gallery-1 wp-block-gallery columns-3 is-cropped\"><ul class=\"blocks-gallery-grid\"><li class=\"blocks-gallery-item\"><figure><a href=\"http:\/\/fahr-laessig.net\/wp-content\/uploads\/2019\/11\/MG_9361.jpg\"><img decoding=\"async\" loading=\"lazy\" width=\"1024\" height=\"683\" src=\"http:\/\/fahr-laessig.net\/wp-content\/uploads\/2019\/11\/MG_9361-1024x683.jpg\" alt=\"\" data-id=\"408\" data-full-url=\"http:\/\/fahr-laessig.net\/wp-content\/uploads\/2019\/11\/MG_9361.jpg\" data-link=\"http:\/\/fahr-laessig.net\/?attachment_id=408\" class=\"wp-image-408\" srcset=\"http:\/\/fahr-laessig.net\/wp-content\/uploads\/2019\/11\/MG_9361-1024x683.jpg 1024w, http:\/\/fahr-laessig.net\/wp-content\/uploads\/2019\/11\/MG_9361-300x200.jpg 300w, http:\/\/fahr-laessig.net\/wp-content\/uploads\/2019\/11\/MG_9361-768x512.jpg 768w, http:\/\/fahr-laessig.net\/wp-content\/uploads\/2019\/11\/MG_9361-600x400.jpg 600w, http:\/\/fahr-laessig.net\/wp-content\/uploads\/2019\/11\/MG_9361-460x307.jpg 460w, http:\/\/fahr-laessig.net\/wp-content\/uploads\/2019\/11\/MG_9361-688x459.jpg 688w, http:\/\/fahr-laessig.net\/wp-content\/uploads\/2019\/11\/MG_9361.jpg 1200w\" sizes=\"(max-width: 1024px) 100vw, 1024px\" \/><\/a><\/figure><\/li><li class=\"blocks-gallery-item\"><figure><a href=\"http:\/\/fahr-laessig.net\/wp-content\/uploads\/2019\/11\/MG_9363-2.jpg\"><img decoding=\"async\" loading=\"lazy\" width=\"1024\" height=\"683\" src=\"http:\/\/fahr-laessig.net\/wp-content\/uploads\/2019\/11\/MG_9363-2-1024x683.jpg\" alt=\"\" data-id=\"406\" data-full-url=\"http:\/\/fahr-laessig.net\/wp-content\/uploads\/2019\/11\/MG_9363-2.jpg\" data-link=\"http:\/\/fahr-laessig.net\/?attachment_id=406\" class=\"wp-image-406\" srcset=\"http:\/\/fahr-laessig.net\/wp-content\/uploads\/2019\/11\/MG_9363-2-1024x683.jpg 1024w, http:\/\/fahr-laessig.net\/wp-content\/uploads\/2019\/11\/MG_9363-2-300x200.jpg 300w, http:\/\/fahr-laessig.net\/wp-content\/uploads\/2019\/11\/MG_9363-2-768x512.jpg 768w, http:\/\/fahr-laessig.net\/wp-content\/uploads\/2019\/11\/MG_9363-2-600x400.jpg 600w, http:\/\/fahr-laessig.net\/wp-content\/uploads\/2019\/11\/MG_9363-2-460x307.jpg 460w, http:\/\/fahr-laessig.net\/wp-content\/uploads\/2019\/11\/MG_9363-2-688x459.jpg 688w, http:\/\/fahr-laessig.net\/wp-content\/uploads\/2019\/11\/MG_9363-2.jpg 1200w\" sizes=\"(max-width: 1024px) 100vw, 1024px\" \/><\/a><\/figure><\/li><li class=\"blocks-gallery-item\"><figure><a href=\"http:\/\/fahr-laessig.net\/wp-content\/uploads\/2019\/11\/MG_9365.jpg\"><img decoding=\"async\" loading=\"lazy\" width=\"1024\" height=\"683\" src=\"http:\/\/fahr-laessig.net\/wp-content\/uploads\/2019\/11\/MG_9365-1024x683.jpg\" alt=\"\" data-id=\"405\" data-full-url=\"http:\/\/fahr-laessig.net\/wp-content\/uploads\/2019\/11\/MG_9365.jpg\" data-link=\"http:\/\/fahr-laessig.net\/?attachment_id=405\" class=\"wp-image-405\" srcset=\"http:\/\/fahr-laessig.net\/wp-content\/uploads\/2019\/11\/MG_9365-1024x683.jpg 1024w, http:\/\/fahr-laessig.net\/wp-content\/uploads\/2019\/11\/MG_9365-300x200.jpg 300w, http:\/\/fahr-laessig.net\/wp-content\/uploads\/2019\/11\/MG_9365-768x512.jpg 768w, http:\/\/fahr-laessig.net\/wp-content\/uploads\/2019\/11\/MG_9365-600x400.jpg 600w, http:\/\/fahr-laessig.net\/wp-content\/uploads\/2019\/11\/MG_9365-460x307.jpg 460w, http:\/\/fahr-laessig.net\/wp-content\/uploads\/2019\/11\/MG_9365-688x459.jpg 688w, http:\/\/fahr-laessig.net\/wp-content\/uploads\/2019\/11\/MG_9365.jpg 1200w\" sizes=\"(max-width: 1024px) 100vw, 1024px\" \/><\/a><\/figure><\/li><li class=\"blocks-gallery-item\"><figure><a href=\"http:\/\/fahr-laessig.net\/wp-content\/uploads\/2019\/11\/MG_9362.jpg\"><img decoding=\"async\" loading=\"lazy\" width=\"683\" height=\"1024\" src=\"http:\/\/fahr-laessig.net\/wp-content\/uploads\/2019\/11\/MG_9362-683x1024.jpg\" alt=\"\" data-id=\"407\" data-full-url=\"http:\/\/fahr-laessig.net\/wp-content\/uploads\/2019\/11\/MG_9362.jpg\" data-link=\"http:\/\/fahr-laessig.net\/?attachment_id=407\" class=\"wp-image-407\" srcset=\"http:\/\/fahr-laessig.net\/wp-content\/uploads\/2019\/11\/MG_9362-683x1024.jpg 683w, http:\/\/fahr-laessig.net\/wp-content\/uploads\/2019\/11\/MG_9362-200x300.jpg 200w, http:\/\/fahr-laessig.net\/wp-content\/uploads\/2019\/11\/MG_9362-768x1152.jpg 768w, http:\/\/fahr-laessig.net\/wp-content\/uploads\/2019\/11\/MG_9362-232x348.jpg 232w, http:\/\/fahr-laessig.net\/wp-content\/uploads\/2019\/11\/MG_9362-688x1032.jpg 688w, http:\/\/fahr-laessig.net\/wp-content\/uploads\/2019\/11\/MG_9362.jpg 800w\" sizes=\"(max-width: 683px) 100vw, 683px\" \/><\/a><\/figure><\/li><li class=\"blocks-gallery-item\"><figure><a href=\"http:\/\/fahr-laessig.net\/wp-content\/uploads\/2019\/11\/MG_9368.jpg\"><img decoding=\"async\" loading=\"lazy\" width=\"683\" height=\"1024\" src=\"http:\/\/fahr-laessig.net\/wp-content\/uploads\/2019\/11\/MG_9368-683x1024.jpg\" alt=\"\" data-id=\"404\" data-full-url=\"http:\/\/fahr-laessig.net\/wp-content\/uploads\/2019\/11\/MG_9368.jpg\" data-link=\"http:\/\/fahr-laessig.net\/?attachment_id=404\" class=\"wp-image-404\" srcset=\"http:\/\/fahr-laessig.net\/wp-content\/uploads\/2019\/11\/MG_9368-683x1024.jpg 683w, http:\/\/fahr-laessig.net\/wp-content\/uploads\/2019\/11\/MG_9368-200x300.jpg 200w, http:\/\/fahr-laessig.net\/wp-content\/uploads\/2019\/11\/MG_9368-768x1152.jpg 768w, http:\/\/fahr-laessig.net\/wp-content\/uploads\/2019\/11\/MG_9368-232x348.jpg 232w, http:\/\/fahr-laessig.net\/wp-content\/uploads\/2019\/11\/MG_9368-688x1032.jpg 688w, http:\/\/fahr-laessig.net\/wp-content\/uploads\/2019\/11\/MG_9368.jpg 800w\" sizes=\"(max-width: 683px) 100vw, 683px\" \/><\/a><\/figure><\/li><\/ul><\/figure>\n","protected":false},"excerpt":{"rendered":"<p>Das Dorf am Jakobsweg ist vor allem bekannt f\u00fcr die in der N\u00e4he gelegene Altamira H\u00f6hle (unser Artikel hierzu). Trotz des Namens liegt es nicht am Meer. Die H\u00e4user, die zwischen dem 15. und 18. Jahrhundert entstanden, weisen zahlreiche Wappen von lokalen Adelsgeschlechtern auf. Das romanische Kloster, la Colegiata, bildet das Zentrum der Siedlung und [&hellip;]<\/p>\n","protected":false},"author":1,"featured_media":403,"comment_status":"closed","ping_status":"open","sticky":false,"template":"","format":"standard","meta":[],"categories":[9,1],"tags":[],"_links":{"self":[{"href":"http:\/\/fahr-laessig.net\/index.php?rest_route=\/wp\/v2\/posts\/401"}],"collection":[{"href":"http:\/\/fahr-laessig.net\/index.php?rest_route=\/wp\/v2\/posts"}],"about":[{"href":"http:\/\/fahr-laessig.net\/index.php?rest_route=\/wp\/v2\/types\/post"}],"author":[{"embeddable":true,"href":"http:\/\/fahr-laessig.net\/index.php?rest_route=\/wp\/v2\/users\/1"}],"replies":[{"embeddable":true,"href":"http:\/\/fahr-laessig.net\/index.php?rest_route=%2Fwp%2Fv2%2Fcomments&post=401"}],"version-history":[{"count":4,"href":"http:\/\/fahr-laessig.net\/index.php?rest_route=\/wp\/v2\/posts\/401\/revisions"}],"predecessor-version":[{"id":413,"href":"http:\/\/fahr-laessig.net\/index.php?rest_route=\/wp\/v2\/posts\/401\/revisions\/413"}],"wp:featuredmedia":[{"embeddable":true,"href":"http:\/\/fahr-laessig.net\/index.php?rest_route=\/wp\/v2\/media\/403"}],"wp:attachment":[{"href":"http:\/\/fahr-laessig.net\/index.php?rest_route=%2Fwp%2Fv2%2Fmedia&parent=401"}],"wp:term":[{"taxonomy":"category","embeddable":true,"href":"http:\/\/fahr-laessig.net\/index.php?rest_route=%2Fwp%2Fv2%2Fcategories&post=401"},{"taxonomy":"post_tag","embeddable":true,"href":"http:\/\/fahr-laessig.net\/index.php?rest_route=%2Fwp%2Fv2%2Ftags&post=401"}],"curies":[{"name":"wp","href":"https:\/\/api.w.org\/{rel}","templated":true}]}}