{"id":395,"date":"2019-11-19T20:44:16","date_gmt":"2019-11-19T18:44:16","guid":{"rendered":"http:\/\/fahr-laessig.net\/?p=395"},"modified":"2020-01-07T20:09:39","modified_gmt":"2020-01-07T18:09:39","slug":"altamira","status":"publish","type":"post","link":"http:\/\/fahr-laessig.net\/?p=395","title":{"rendered":"Altamira"},"content":{"rendered":"\n<p>20000 Jahre lang wurde die H\u00f6hle von Altamira von Menschen der Steinzeit verwendet, bis ihr Eingang 11000 vor Christus einst\u00fcrzte.  Sie war, anders als Lascaux (unser Artikel <a rel=\"noreferrer noopener\" aria-label=\"hierzu (\u00f6ffnet in neuem Tab)\" href=\"http:\/\/fahr-laessig.net\/?p=238\" target=\"_blank\">hierzu<\/a>), eine Wohnh\u00f6hle, da ihr breiter  Eingangsbereich ein nat\u00fcrliches Dach schuf. Ihre Lage war ideal. Sie liegt nur 4  Kilometer vom Meer entfernt, wobei w\u00e4hrend der Eiszeit der Meeresspiegel  niedriger lag. An der K\u00fcste fanden die J\u00e4ger damals reiche  Fischbest\u00e4nde vor, wie Bodenfunde best\u00e4tigen. Zur weiteren Ern\u00e4hrung  geh\u00f6rten auch Muscheln, Meeresschnecken und Wild. Wichtig scheint den Menschen damals der Stier gewesen zu sein. Zahlreiche Felsbilder schm\u00fccken die Decke der H\u00f6hle und zeigen Bisons in verschiedenen Posen. \u00c4hnlich wie Lascaux in Frankreich wurde sie erst wieder in der Neuzeit entdeckt, allerdings schon 1868. Die Sensation blieb zun\u00e4chst jedoch aus, da die damalige Lehrmeinung die H\u00f6hle als F\u00e4lschung klassifizierte. Henri Breuil war einer der ersten, der ab 1902 die Malereien systematisch erforschte und erkannte, dass Menschen bereits vor 30000 Jahren Kunst betrieben. Heute ist das Original ebenfalls geschlossen. Schimmelpilze und Witterungseinfl\u00fcsse haben die Bilder verblassen lassen oder sie g\u00e4nzlich zerst\u00f6rt. Mehrere Kopien wurden errichtet, eine davon befindet sich im Deutschen Museum in M\u00fcnchen. Im Vergleich zu Lascaux in Frankreich merkt man jedoch, dass nicht ganz so viel Geld investiert wurde und &#8222;nur&#8220; der Eingangsbereich der H\u00f6hle nachgebildet wurde. F\u00fcr den l\u00e4ppischen Eintritt von 3 Euro wird das jedoch wieder wettgemacht. Die Franzosen verlangen immerhin \u00fcber sechs Mal soviel und bieten keine so informative Ausstellung \u00fcber die Fundst\u00fccke und die H\u00f6hlen der Umgebung. Au\u00dferdem ist der Besucherandrang geringer, was jedoch bei unserem Besuch auch an der Nachsaison im November gelegen haben k\u00f6nnte.<\/p>\n\n\n\n<figure class=\"is-layout-flex wp-block-gallery-1 wp-block-gallery columns-3 is-cropped\"><ul class=\"blocks-gallery-grid\"><li class=\"blocks-gallery-item\"><figure><a href=\"http:\/\/fahr-laessig.net\/wp-content\/uploads\/2019\/11\/MG_9398.jpg\"><img decoding=\"async\" loading=\"lazy\" width=\"1024\" height=\"683\" src=\"http:\/\/fahr-laessig.net\/wp-content\/uploads\/2019\/11\/MG_9398-1024x683.jpg\" alt=\"\" data-id=\"393\" data-full-url=\"http:\/\/fahr-laessig.net\/wp-content\/uploads\/2019\/11\/MG_9398.jpg\" data-link=\"http:\/\/fahr-laessig.net\/?attachment_id=393\" class=\"wp-image-393\" srcset=\"http:\/\/fahr-laessig.net\/wp-content\/uploads\/2019\/11\/MG_9398-1024x683.jpg 1024w, http:\/\/fahr-laessig.net\/wp-content\/uploads\/2019\/11\/MG_9398-300x200.jpg 300w, http:\/\/fahr-laessig.net\/wp-content\/uploads\/2019\/11\/MG_9398-768x512.jpg 768w, http:\/\/fahr-laessig.net\/wp-content\/uploads\/2019\/11\/MG_9398-600x400.jpg 600w, http:\/\/fahr-laessig.net\/wp-content\/uploads\/2019\/11\/MG_9398-460x307.jpg 460w, http:\/\/fahr-laessig.net\/wp-content\/uploads\/2019\/11\/MG_9398-688x459.jpg 688w, http:\/\/fahr-laessig.net\/wp-content\/uploads\/2019\/11\/MG_9398.jpg 1200w\" sizes=\"(max-width: 1024px) 100vw, 1024px\" \/><\/a><figcaption class=\"blocks-gallery-item__caption\">Ochsen.<\/figcaption><\/figure><\/li><li class=\"blocks-gallery-item\"><figure><a href=\"http:\/\/fahr-laessig.net\/wp-content\/uploads\/2019\/11\/MG_9399.jpg\"><img decoding=\"async\" loading=\"lazy\" width=\"1024\" height=\"683\" src=\"http:\/\/fahr-laessig.net\/wp-content\/uploads\/2019\/11\/MG_9399-1024x683.jpg\" alt=\"\" data-id=\"392\" data-full-url=\"http:\/\/fahr-laessig.net\/wp-content\/uploads\/2019\/11\/MG_9399.jpg\" data-link=\"http:\/\/fahr-laessig.net\/?attachment_id=392\" class=\"wp-image-392\" srcset=\"http:\/\/fahr-laessig.net\/wp-content\/uploads\/2019\/11\/MG_9399-1024x683.jpg 1024w, http:\/\/fahr-laessig.net\/wp-content\/uploads\/2019\/11\/MG_9399-300x200.jpg 300w, http:\/\/fahr-laessig.net\/wp-content\/uploads\/2019\/11\/MG_9399-768x512.jpg 768w, http:\/\/fahr-laessig.net\/wp-content\/uploads\/2019\/11\/MG_9399-600x400.jpg 600w, http:\/\/fahr-laessig.net\/wp-content\/uploads\/2019\/11\/MG_9399-460x307.jpg 460w, http:\/\/fahr-laessig.net\/wp-content\/uploads\/2019\/11\/MG_9399-688x459.jpg 688w, http:\/\/fahr-laessig.net\/wp-content\/uploads\/2019\/11\/MG_9399.jpg 1200w\" sizes=\"(max-width: 1024px) 100vw, 1024px\" \/><\/a><figcaption class=\"blocks-gallery-item__caption\">Hirschkuh.<\/figcaption><\/figure><\/li><li class=\"blocks-gallery-item\"><figure><a href=\"http:\/\/fahr-laessig.net\/wp-content\/uploads\/2019\/11\/MG_9413.jpg\"><img decoding=\"async\" loading=\"lazy\" width=\"1024\" height=\"683\" src=\"http:\/\/fahr-laessig.net\/wp-content\/uploads\/2019\/11\/MG_9413-1024x683.jpg\" alt=\"\" data-id=\"390\" data-full-url=\"http:\/\/fahr-laessig.net\/wp-content\/uploads\/2019\/11\/MG_9413.jpg\" data-link=\"http:\/\/fahr-laessig.net\/?attachment_id=390\" class=\"wp-image-390\" srcset=\"http:\/\/fahr-laessig.net\/wp-content\/uploads\/2019\/11\/MG_9413-1024x683.jpg 1024w, http:\/\/fahr-laessig.net\/wp-content\/uploads\/2019\/11\/MG_9413-300x200.jpg 300w, http:\/\/fahr-laessig.net\/wp-content\/uploads\/2019\/11\/MG_9413-768x512.jpg 768w, http:\/\/fahr-laessig.net\/wp-content\/uploads\/2019\/11\/MG_9413-600x400.jpg 600w, http:\/\/fahr-laessig.net\/wp-content\/uploads\/2019\/11\/MG_9413-460x307.jpg 460w, http:\/\/fahr-laessig.net\/wp-content\/uploads\/2019\/11\/MG_9413-688x459.jpg 688w, http:\/\/fahr-laessig.net\/wp-content\/uploads\/2019\/11\/MG_9413.jpg 1200w\" sizes=\"(max-width: 1024px) 100vw, 1024px\" \/><\/a><figcaption class=\"blocks-gallery-item__caption\">Kryptische Zeichen.<\/figcaption><\/figure><\/li><li class=\"blocks-gallery-item\"><figure><a href=\"http:\/\/fahr-laessig.net\/wp-content\/uploads\/2019\/11\/MG_9407.jpg\"><img decoding=\"async\" loading=\"lazy\" width=\"1024\" height=\"683\" src=\"http:\/\/fahr-laessig.net\/wp-content\/uploads\/2019\/11\/MG_9407-1024x683.jpg\" alt=\"\" data-id=\"391\" data-full-url=\"http:\/\/fahr-laessig.net\/wp-content\/uploads\/2019\/11\/MG_9407.jpg\" data-link=\"http:\/\/fahr-laessig.net\/?attachment_id=391\" class=\"wp-image-391\" srcset=\"http:\/\/fahr-laessig.net\/wp-content\/uploads\/2019\/11\/MG_9407-1024x683.jpg 1024w, http:\/\/fahr-laessig.net\/wp-content\/uploads\/2019\/11\/MG_9407-300x200.jpg 300w, http:\/\/fahr-laessig.net\/wp-content\/uploads\/2019\/11\/MG_9407-768x512.jpg 768w, http:\/\/fahr-laessig.net\/wp-content\/uploads\/2019\/11\/MG_9407-600x400.jpg 600w, http:\/\/fahr-laessig.net\/wp-content\/uploads\/2019\/11\/MG_9407-460x307.jpg 460w, http:\/\/fahr-laessig.net\/wp-content\/uploads\/2019\/11\/MG_9407-688x459.jpg 688w, http:\/\/fahr-laessig.net\/wp-content\/uploads\/2019\/11\/MG_9407.jpg 1200w\" sizes=\"(max-width: 1024px) 100vw, 1024px\" \/><\/a><figcaption class=\"blocks-gallery-item__caption\">H\u00f6hlennachbildung.<\/figcaption><\/figure><\/li><\/ul><\/figure>\n","protected":false},"excerpt":{"rendered":"<p>20000 Jahre lang wurde die H\u00f6hle von Altamira von Menschen der Steinzeit verwendet, bis ihr Eingang 11000 vor Christus einst\u00fcrzte. Sie war, anders als Lascaux (unser Artikel hierzu), eine Wohnh\u00f6hle, da ihr breiter Eingangsbereich ein nat\u00fcrliches Dach schuf. Ihre Lage war ideal. Sie liegt nur 4 Kilometer vom Meer entfernt, wobei w\u00e4hrend der Eiszeit der [&hellip;]<\/p>\n","protected":false},"author":1,"featured_media":394,"comment_status":"closed","ping_status":"open","sticky":false,"template":"","format":"standard","meta":[],"categories":[9,1],"tags":[],"_links":{"self":[{"href":"http:\/\/fahr-laessig.net\/index.php?rest_route=\/wp\/v2\/posts\/395"}],"collection":[{"href":"http:\/\/fahr-laessig.net\/index.php?rest_route=\/wp\/v2\/posts"}],"about":[{"href":"http:\/\/fahr-laessig.net\/index.php?rest_route=\/wp\/v2\/types\/post"}],"author":[{"embeddable":true,"href":"http:\/\/fahr-laessig.net\/index.php?rest_route=\/wp\/v2\/users\/1"}],"replies":[{"embeddable":true,"href":"http:\/\/fahr-laessig.net\/index.php?rest_route=%2Fwp%2Fv2%2Fcomments&post=395"}],"version-history":[{"count":6,"href":"http:\/\/fahr-laessig.net\/index.php?rest_route=\/wp\/v2\/posts\/395\/revisions"}],"predecessor-version":[{"id":411,"href":"http:\/\/fahr-laessig.net\/index.php?rest_route=\/wp\/v2\/posts\/395\/revisions\/411"}],"wp:featuredmedia":[{"embeddable":true,"href":"http:\/\/fahr-laessig.net\/index.php?rest_route=\/wp\/v2\/media\/394"}],"wp:attachment":[{"href":"http:\/\/fahr-laessig.net\/index.php?rest_route=%2Fwp%2Fv2%2Fmedia&parent=395"}],"wp:term":[{"taxonomy":"category","embeddable":true,"href":"http:\/\/fahr-laessig.net\/index.php?rest_route=%2Fwp%2Fv2%2Fcategories&post=395"},{"taxonomy":"post_tag","embeddable":true,"href":"http:\/\/fahr-laessig.net\/index.php?rest_route=%2Fwp%2Fv2%2Ftags&post=395"}],"curies":[{"name":"wp","href":"https:\/\/api.w.org\/{rel}","templated":true}]}}