{"id":371,"date":"2019-11-14T20:25:21","date_gmt":"2019-11-14T18:25:21","guid":{"rendered":"http:\/\/fahr-laessig.net\/?p=371"},"modified":"2020-01-07T20:09:57","modified_gmt":"2020-01-07T18:09:57","slug":"golfe-de-gascogne","status":"publish","type":"post","link":"http:\/\/fahr-laessig.net\/?p=371","title":{"rendered":"Golfe de Gascogne"},"content":{"rendered":"\n<p>In der s\u00fcdwestlichsten Ecke Frankreichs beginnt das Baskenland, das sich bis nach Spanien zieht und am Golf von Biskaya, oder wie die Franzosen ihn nennen, den Golfe de Gascogne, liegt. Hier befinden sich die bekannten St\u00e4dte Bayonne und Biarritz, welche seit dem 19. Jahrhundert touristische Hotspots sind. Bayonne (baskisch: guter Hafen) hat eine gut erhaltene Altstadt und eine sehenswerte Kathedrale. Das \u00fcberregional bekannte baskische Museum stellt die Geschichte und Kunst der Basken dar. Es f\u00fchlt sich jedoch zeitweise sehr folkloristisch an, fast so, als wenn man in Bayern ein Lederhosenmuseum besichtigt. Ausgespart werden problematische Themen, wie die ETA, daf\u00fcr erf\u00e4hrt man \u00fcber den baskischen Nationalsport Pelota eine Menge. Hierbei handelt es sich um ein Ballspiel, bei dem die Spieler einen Ball gegen eine Wand schlagen. Die dabei teilweise verwendeten Handschuhe lassen sowohl das Fangen wie auch das Beschleunigen des Balls zu. Biarritz war urspr\u00fcnglich ein Walf\u00e4ngerhafen und ist seit dem 19. Jahrhundert der Inbegriff des mond\u00e4nen Strandtourismus&#8216;. Vor den Str\u00e4nden liegen felsige Brocken im Wasser, welche insbesondere nach dem Sommer von der st\u00fcrmischen See umtost werden.<\/p>\n\n\n\n<figure class=\"is-layout-flex wp-block-gallery-1 wp-block-gallery columns-2 is-cropped\"><ul class=\"blocks-gallery-grid\"><li class=\"blocks-gallery-item\"><figure><a href=\"http:\/\/fahr-laessig.net\/wp-content\/uploads\/2019\/11\/IMG_9602.jpg\"><img decoding=\"async\" loading=\"lazy\" width=\"1024\" height=\"683\" src=\"http:\/\/fahr-laessig.net\/wp-content\/uploads\/2019\/11\/IMG_9602-1024x683.jpg\" alt=\"\" data-id=\"354\" data-full-url=\"http:\/\/fahr-laessig.net\/wp-content\/uploads\/2019\/11\/IMG_9602.jpg\" data-link=\"http:\/\/fahr-laessig.net\/?attachment_id=354\" class=\"wp-image-354\" srcset=\"http:\/\/fahr-laessig.net\/wp-content\/uploads\/2019\/11\/IMG_9602-1024x683.jpg 1024w, http:\/\/fahr-laessig.net\/wp-content\/uploads\/2019\/11\/IMG_9602-300x200.jpg 300w, http:\/\/fahr-laessig.net\/wp-content\/uploads\/2019\/11\/IMG_9602-768x512.jpg 768w, http:\/\/fahr-laessig.net\/wp-content\/uploads\/2019\/11\/IMG_9602-600x400.jpg 600w, http:\/\/fahr-laessig.net\/wp-content\/uploads\/2019\/11\/IMG_9602-460x307.jpg 460w, http:\/\/fahr-laessig.net\/wp-content\/uploads\/2019\/11\/IMG_9602-688x459.jpg 688w, http:\/\/fahr-laessig.net\/wp-content\/uploads\/2019\/11\/IMG_9602.jpg 1200w\" sizes=\"(max-width: 1024px) 100vw, 1024px\" \/><\/a><figcaption class=\"blocks-gallery-item__caption\">Altstadt von Bayonne.<\/figcaption><\/figure><\/li><li class=\"blocks-gallery-item\"><figure><a href=\"http:\/\/fahr-laessig.net\/wp-content\/uploads\/2019\/11\/IMG_9616.jpg\"><img decoding=\"async\" loading=\"lazy\" width=\"1024\" height=\"683\" src=\"http:\/\/fahr-laessig.net\/wp-content\/uploads\/2019\/11\/IMG_9616-1024x683.jpg\" alt=\"\" data-id=\"355\" data-full-url=\"http:\/\/fahr-laessig.net\/wp-content\/uploads\/2019\/11\/IMG_9616.jpg\" data-link=\"http:\/\/fahr-laessig.net\/?attachment_id=355\" class=\"wp-image-355\" srcset=\"http:\/\/fahr-laessig.net\/wp-content\/uploads\/2019\/11\/IMG_9616-1024x683.jpg 1024w, http:\/\/fahr-laessig.net\/wp-content\/uploads\/2019\/11\/IMG_9616-300x200.jpg 300w, http:\/\/fahr-laessig.net\/wp-content\/uploads\/2019\/11\/IMG_9616-768x512.jpg 768w, http:\/\/fahr-laessig.net\/wp-content\/uploads\/2019\/11\/IMG_9616-600x400.jpg 600w, http:\/\/fahr-laessig.net\/wp-content\/uploads\/2019\/11\/IMG_9616-460x307.jpg 460w, http:\/\/fahr-laessig.net\/wp-content\/uploads\/2019\/11\/IMG_9616-688x459.jpg 688w, http:\/\/fahr-laessig.net\/wp-content\/uploads\/2019\/11\/IMG_9616.jpg 1200w\" sizes=\"(max-width: 1024px) 100vw, 1024px\" \/><\/a><figcaption class=\"blocks-gallery-item__caption\">Kreuzgang der Kathedrale.<\/figcaption><\/figure><\/li><li class=\"blocks-gallery-item\"><figure><a href=\"http:\/\/fahr-laessig.net\/wp-content\/uploads\/2019\/11\/IMG_9609.jpg\"><img decoding=\"async\" loading=\"lazy\" width=\"1024\" height=\"683\" src=\"http:\/\/fahr-laessig.net\/wp-content\/uploads\/2019\/11\/IMG_9609-1024x683.jpg\" alt=\"\" data-id=\"356\" data-full-url=\"http:\/\/fahr-laessig.net\/wp-content\/uploads\/2019\/11\/IMG_9609.jpg\" data-link=\"http:\/\/fahr-laessig.net\/?attachment_id=356\" class=\"wp-image-356\" srcset=\"http:\/\/fahr-laessig.net\/wp-content\/uploads\/2019\/11\/IMG_9609-1024x683.jpg 1024w, http:\/\/fahr-laessig.net\/wp-content\/uploads\/2019\/11\/IMG_9609-300x200.jpg 300w, http:\/\/fahr-laessig.net\/wp-content\/uploads\/2019\/11\/IMG_9609-768x512.jpg 768w, http:\/\/fahr-laessig.net\/wp-content\/uploads\/2019\/11\/IMG_9609-600x400.jpg 600w, http:\/\/fahr-laessig.net\/wp-content\/uploads\/2019\/11\/IMG_9609-460x307.jpg 460w, http:\/\/fahr-laessig.net\/wp-content\/uploads\/2019\/11\/IMG_9609-688x459.jpg 688w, http:\/\/fahr-laessig.net\/wp-content\/uploads\/2019\/11\/IMG_9609.jpg 1200w\" sizes=\"(max-width: 1024px) 100vw, 1024px\" \/><\/a><figcaption class=\"blocks-gallery-item__caption\">St. Marie in Bayonne.<\/figcaption><\/figure><\/li><li class=\"blocks-gallery-item\"><figure><a href=\"http:\/\/fahr-laessig.net\/wp-content\/uploads\/2019\/11\/MG_9128.jpg\"><img decoding=\"async\" loading=\"lazy\" width=\"1024\" height=\"683\" src=\"http:\/\/fahr-laessig.net\/wp-content\/uploads\/2019\/11\/MG_9128-1024x683.jpg\" alt=\"\" data-id=\"358\" data-full-url=\"http:\/\/fahr-laessig.net\/wp-content\/uploads\/2019\/11\/MG_9128.jpg\" data-link=\"http:\/\/fahr-laessig.net\/?attachment_id=358\" class=\"wp-image-358\" srcset=\"http:\/\/fahr-laessig.net\/wp-content\/uploads\/2019\/11\/MG_9128-1024x683.jpg 1024w, http:\/\/fahr-laessig.net\/wp-content\/uploads\/2019\/11\/MG_9128-300x200.jpg 300w, http:\/\/fahr-laessig.net\/wp-content\/uploads\/2019\/11\/MG_9128-768x512.jpg 768w, http:\/\/fahr-laessig.net\/wp-content\/uploads\/2019\/11\/MG_9128-600x400.jpg 600w, http:\/\/fahr-laessig.net\/wp-content\/uploads\/2019\/11\/MG_9128-460x307.jpg 460w, http:\/\/fahr-laessig.net\/wp-content\/uploads\/2019\/11\/MG_9128-688x459.jpg 688w, http:\/\/fahr-laessig.net\/wp-content\/uploads\/2019\/11\/MG_9128.jpg 1200w\" sizes=\"(max-width: 1024px) 100vw, 1024px\" \/><\/a><figcaption class=\"blocks-gallery-item__caption\">Gotische Kreuzrippen in Bayonne.<\/figcaption><\/figure><\/li><li class=\"blocks-gallery-item\"><figure><a href=\"http:\/\/fahr-laessig.net\/wp-content\/uploads\/2019\/11\/MG_9139.jpg\"><img decoding=\"async\" loading=\"lazy\" width=\"1024\" height=\"683\" src=\"http:\/\/fahr-laessig.net\/wp-content\/uploads\/2019\/11\/MG_9139-1024x683.jpg\" alt=\"\" data-id=\"359\" data-full-url=\"http:\/\/fahr-laessig.net\/wp-content\/uploads\/2019\/11\/MG_9139.jpg\" data-link=\"http:\/\/fahr-laessig.net\/?attachment_id=359\" class=\"wp-image-359\" srcset=\"http:\/\/fahr-laessig.net\/wp-content\/uploads\/2019\/11\/MG_9139-1024x683.jpg 1024w, http:\/\/fahr-laessig.net\/wp-content\/uploads\/2019\/11\/MG_9139-300x200.jpg 300w, http:\/\/fahr-laessig.net\/wp-content\/uploads\/2019\/11\/MG_9139-768x512.jpg 768w, http:\/\/fahr-laessig.net\/wp-content\/uploads\/2019\/11\/MG_9139-600x400.jpg 600w, http:\/\/fahr-laessig.net\/wp-content\/uploads\/2019\/11\/MG_9139-460x307.jpg 460w, http:\/\/fahr-laessig.net\/wp-content\/uploads\/2019\/11\/MG_9139-688x459.jpg 688w, http:\/\/fahr-laessig.net\/wp-content\/uploads\/2019\/11\/MG_9139.jpg 1200w\" sizes=\"(max-width: 1024px) 100vw, 1024px\" \/><\/a><figcaption class=\"blocks-gallery-item__caption\">Pelota.<\/figcaption><\/figure><\/li><li class=\"blocks-gallery-item\"><figure><a href=\"http:\/\/fahr-laessig.net\/wp-content\/uploads\/2019\/11\/MG_9145-2.jpg\"><img decoding=\"async\" loading=\"lazy\" width=\"1024\" height=\"683\" src=\"http:\/\/fahr-laessig.net\/wp-content\/uploads\/2019\/11\/MG_9145-2-1024x683.jpg\" alt=\"\" data-id=\"360\" data-full-url=\"http:\/\/fahr-laessig.net\/wp-content\/uploads\/2019\/11\/MG_9145-2.jpg\" data-link=\"http:\/\/fahr-laessig.net\/?attachment_id=360\" class=\"wp-image-360\" srcset=\"http:\/\/fahr-laessig.net\/wp-content\/uploads\/2019\/11\/MG_9145-2-1024x683.jpg 1024w, http:\/\/fahr-laessig.net\/wp-content\/uploads\/2019\/11\/MG_9145-2-300x200.jpg 300w, http:\/\/fahr-laessig.net\/wp-content\/uploads\/2019\/11\/MG_9145-2-768x512.jpg 768w, http:\/\/fahr-laessig.net\/wp-content\/uploads\/2019\/11\/MG_9145-2-600x400.jpg 600w, http:\/\/fahr-laessig.net\/wp-content\/uploads\/2019\/11\/MG_9145-2-460x307.jpg 460w, http:\/\/fahr-laessig.net\/wp-content\/uploads\/2019\/11\/MG_9145-2-688x459.jpg 688w, http:\/\/fahr-laessig.net\/wp-content\/uploads\/2019\/11\/MG_9145-2.jpg 1200w\" sizes=\"(max-width: 1024px) 100vw, 1024px\" \/><\/a><figcaption class=\"blocks-gallery-item__caption\">Langzeitbelichtung gl\u00e4ttet die Wogen.<\/figcaption><\/figure><\/li><li class=\"blocks-gallery-item\"><figure><a href=\"http:\/\/fahr-laessig.net\/wp-content\/uploads\/2019\/11\/MG_9161.jpg\"><img decoding=\"async\" loading=\"lazy\" width=\"1024\" height=\"683\" src=\"http:\/\/fahr-laessig.net\/wp-content\/uploads\/2019\/11\/MG_9161-1024x683.jpg\" alt=\"\" data-id=\"362\" data-full-url=\"http:\/\/fahr-laessig.net\/wp-content\/uploads\/2019\/11\/MG_9161.jpg\" data-link=\"http:\/\/fahr-laessig.net\/?attachment_id=362\" class=\"wp-image-362\" srcset=\"http:\/\/fahr-laessig.net\/wp-content\/uploads\/2019\/11\/MG_9161-1024x683.jpg 1024w, http:\/\/fahr-laessig.net\/wp-content\/uploads\/2019\/11\/MG_9161-300x200.jpg 300w, http:\/\/fahr-laessig.net\/wp-content\/uploads\/2019\/11\/MG_9161-768x512.jpg 768w, http:\/\/fahr-laessig.net\/wp-content\/uploads\/2019\/11\/MG_9161-600x400.jpg 600w, http:\/\/fahr-laessig.net\/wp-content\/uploads\/2019\/11\/MG_9161-460x307.jpg 460w, http:\/\/fahr-laessig.net\/wp-content\/uploads\/2019\/11\/MG_9161-688x459.jpg 688w, http:\/\/fahr-laessig.net\/wp-content\/uploads\/2019\/11\/MG_9161.jpg 1200w\" sizes=\"(max-width: 1024px) 100vw, 1024px\" \/><\/a><figcaption class=\"blocks-gallery-item__caption\">Umtoster Rocher de la Vierge in Biarritz.<\/figcaption><\/figure><\/li><li class=\"blocks-gallery-item\"><figure><a href=\"http:\/\/fahr-laessig.net\/wp-content\/uploads\/2019\/11\/MG_9154.jpg\"><img decoding=\"async\" loading=\"lazy\" width=\"1024\" height=\"683\" src=\"http:\/\/fahr-laessig.net\/wp-content\/uploads\/2019\/11\/MG_9154-1024x683.jpg\" alt=\"\" data-id=\"361\" data-full-url=\"http:\/\/fahr-laessig.net\/wp-content\/uploads\/2019\/11\/MG_9154.jpg\" data-link=\"http:\/\/fahr-laessig.net\/?attachment_id=361\" class=\"wp-image-361\" srcset=\"http:\/\/fahr-laessig.net\/wp-content\/uploads\/2019\/11\/MG_9154-1024x683.jpg 1024w, http:\/\/fahr-laessig.net\/wp-content\/uploads\/2019\/11\/MG_9154-300x200.jpg 300w, http:\/\/fahr-laessig.net\/wp-content\/uploads\/2019\/11\/MG_9154-768x512.jpg 768w, http:\/\/fahr-laessig.net\/wp-content\/uploads\/2019\/11\/MG_9154-600x400.jpg 600w, http:\/\/fahr-laessig.net\/wp-content\/uploads\/2019\/11\/MG_9154-460x307.jpg 460w, http:\/\/fahr-laessig.net\/wp-content\/uploads\/2019\/11\/MG_9154-688x459.jpg 688w, http:\/\/fahr-laessig.net\/wp-content\/uploads\/2019\/11\/MG_9154.jpg 1200w\" sizes=\"(max-width: 1024px) 100vw, 1024px\" \/><\/a><figcaption class=\"blocks-gallery-item__caption\">Felsen vor Biarritz.<\/figcaption><\/figure><\/li><\/ul><\/figure>\n","protected":false},"excerpt":{"rendered":"<p>In der s\u00fcdwestlichsten Ecke Frankreichs beginnt das Baskenland, das sich bis nach Spanien zieht und am Golf von Biskaya, oder wie die Franzosen ihn nennen, den Golfe de Gascogne, liegt. Hier befinden sich die bekannten St\u00e4dte Bayonne und Biarritz, welche seit dem 19. Jahrhundert touristische Hotspots sind. Bayonne (baskisch: guter Hafen) hat eine gut erhaltene [&hellip;]<\/p>\n","protected":false},"author":1,"featured_media":357,"comment_status":"closed","ping_status":"open","sticky":false,"template":"","format":"standard","meta":[],"categories":[10,1],"tags":[],"_links":{"self":[{"href":"http:\/\/fahr-laessig.net\/index.php?rest_route=\/wp\/v2\/posts\/371"}],"collection":[{"href":"http:\/\/fahr-laessig.net\/index.php?rest_route=\/wp\/v2\/posts"}],"about":[{"href":"http:\/\/fahr-laessig.net\/index.php?rest_route=\/wp\/v2\/types\/post"}],"author":[{"embeddable":true,"href":"http:\/\/fahr-laessig.net\/index.php?rest_route=\/wp\/v2\/users\/1"}],"replies":[{"embeddable":true,"href":"http:\/\/fahr-laessig.net\/index.php?rest_route=%2Fwp%2Fv2%2Fcomments&post=371"}],"version-history":[{"count":4,"href":"http:\/\/fahr-laessig.net\/index.php?rest_route=\/wp\/v2\/posts\/371\/revisions"}],"predecessor-version":[{"id":386,"href":"http:\/\/fahr-laessig.net\/index.php?rest_route=\/wp\/v2\/posts\/371\/revisions\/386"}],"wp:featuredmedia":[{"embeddable":true,"href":"http:\/\/fahr-laessig.net\/index.php?rest_route=\/wp\/v2\/media\/357"}],"wp:attachment":[{"href":"http:\/\/fahr-laessig.net\/index.php?rest_route=%2Fwp%2Fv2%2Fmedia&parent=371"}],"wp:term":[{"taxonomy":"category","embeddable":true,"href":"http:\/\/fahr-laessig.net\/index.php?rest_route=%2Fwp%2Fv2%2Fcategories&post=371"},{"taxonomy":"post_tag","embeddable":true,"href":"http:\/\/fahr-laessig.net\/index.php?rest_route=%2Fwp%2Fv2%2Ftags&post=371"}],"curies":[{"name":"wp","href":"https:\/\/api.w.org\/{rel}","templated":true}]}}