{"id":296,"date":"2019-10-29T22:08:12","date_gmt":"2019-10-29T20:08:12","guid":{"rendered":"http:\/\/fahr-laessig.net\/?p=296"},"modified":"2020-01-07T20:10:24","modified_gmt":"2020-01-07T18:10:24","slug":"bergerac","status":"publish","type":"post","link":"http:\/\/fahr-laessig.net\/?p=296","title":{"rendered":"Bergerac"},"content":{"rendered":"\n<p>Bergerac ist eine ruhige Kleinstadt an der Dordogne. Die Altstadt liegt am Ufer des Flusses und besteht aus vielen h\u00fcbschen Fachwerkh\u00e4uschen, sch\u00f6nen Pl\u00e4tzen (z.B.: den Place de la Mirpe), verwinkelten Gassen, Kirchen, netten Caf\u00e9s, einem March\u00e9 Couvert, Museen und alten M\u00fchlen. Es lohnt sich durch die Stadt zu schlendern und bei Sonnenschein eine Pause am Quai Cyrano einzulegen. Auch wenn der Name des aus der Literatur bekannten Cyrano de Bergerac mit der Stadt nicht viel zu tun hat, trifft man ihn trotzdem in Form von Namen und Statuen h\u00e4ufig. Vom Quai aus fahren nachgebaute Gabarren die Dordogne jede Stunde auf und ab und erinnern an die Zeit, als die Stadt vom Handel gro\u00df wurde. Angeblich ist die Dordogne einer der saubersten Fl\u00fcsse Europas, was sich auch in der Artenvielfalt niederschl\u00e4gt. Kanadische G\u00e4nse, Eisv\u00f6gel, Milane und Welse sind nur ein Bruchteil der Tierarten, die hier beheimatet sind.<\/p>\n\n\n\n<ul class=\"is-layout-flex wp-block-gallery-1 wp-block-gallery columns-2 is-cropped\"><li class=\"blocks-gallery-item\"><figure><a href=\"http:\/\/fahr-laessig.net\/wp-content\/uploads\/2019\/10\/IMG_9580-1024x683.jpg\"><img decoding=\"async\" loading=\"lazy\" width=\"1024\" height=\"683\" src=\"http:\/\/fahr-laessig.net\/wp-content\/uploads\/2019\/10\/IMG_9580-1024x683.jpg\" alt=\"\" data-id=\"301\" data-link=\"http:\/\/fahr-laessig.net\/?attachment_id=301\" class=\"wp-image-301\" srcset=\"http:\/\/fahr-laessig.net\/wp-content\/uploads\/2019\/10\/IMG_9580-1024x683.jpg 1024w, http:\/\/fahr-laessig.net\/wp-content\/uploads\/2019\/10\/IMG_9580-300x200.jpg 300w, http:\/\/fahr-laessig.net\/wp-content\/uploads\/2019\/10\/IMG_9580-768x512.jpg 768w, http:\/\/fahr-laessig.net\/wp-content\/uploads\/2019\/10\/IMG_9580-600x400.jpg 600w, http:\/\/fahr-laessig.net\/wp-content\/uploads\/2019\/10\/IMG_9580-460x307.jpg 460w, http:\/\/fahr-laessig.net\/wp-content\/uploads\/2019\/10\/IMG_9580-688x459.jpg 688w, http:\/\/fahr-laessig.net\/wp-content\/uploads\/2019\/10\/IMG_9580.jpg 1200w\" sizes=\"(max-width: 1024px) 100vw, 1024px\" \/><\/a><figcaption>Fachwerkhaus.<\/figcaption><\/figure><\/li><li class=\"blocks-gallery-item\"><figure><a href=\"http:\/\/fahr-laessig.net\/wp-content\/uploads\/2019\/10\/MG_9952-1024x683.jpg\"><img decoding=\"async\" loading=\"lazy\" width=\"1024\" height=\"683\" src=\"http:\/\/fahr-laessig.net\/wp-content\/uploads\/2019\/10\/MG_9952-1024x683.jpg\" alt=\"\" data-id=\"300\" data-link=\"http:\/\/fahr-laessig.net\/?attachment_id=300\" class=\"wp-image-300\" srcset=\"http:\/\/fahr-laessig.net\/wp-content\/uploads\/2019\/10\/MG_9952-1024x683.jpg 1024w, http:\/\/fahr-laessig.net\/wp-content\/uploads\/2019\/10\/MG_9952-300x200.jpg 300w, http:\/\/fahr-laessig.net\/wp-content\/uploads\/2019\/10\/MG_9952-768x512.jpg 768w, http:\/\/fahr-laessig.net\/wp-content\/uploads\/2019\/10\/MG_9952-600x400.jpg 600w, http:\/\/fahr-laessig.net\/wp-content\/uploads\/2019\/10\/MG_9952-460x307.jpg 460w, http:\/\/fahr-laessig.net\/wp-content\/uploads\/2019\/10\/MG_9952-688x459.jpg 688w, http:\/\/fahr-laessig.net\/wp-content\/uploads\/2019\/10\/MG_9952.jpg 1200w\" sizes=\"(max-width: 1024px) 100vw, 1024px\" \/><\/a><figcaption>Place de la Mirpe.<\/figcaption><\/figure><\/li><li class=\"blocks-gallery-item\"><figure><a href=\"http:\/\/fahr-laessig.net\/wp-content\/uploads\/2019\/10\/IMG_9586-1024x683.jpg\"><img decoding=\"async\" loading=\"lazy\" width=\"1024\" height=\"683\" src=\"http:\/\/fahr-laessig.net\/wp-content\/uploads\/2019\/10\/IMG_9586-1024x683.jpg\" alt=\"\" data-id=\"298\" data-link=\"http:\/\/fahr-laessig.net\/?attachment_id=298\" class=\"wp-image-298\" srcset=\"http:\/\/fahr-laessig.net\/wp-content\/uploads\/2019\/10\/IMG_9586-1024x683.jpg 1024w, http:\/\/fahr-laessig.net\/wp-content\/uploads\/2019\/10\/IMG_9586-300x200.jpg 300w, http:\/\/fahr-laessig.net\/wp-content\/uploads\/2019\/10\/IMG_9586-768x512.jpg 768w, http:\/\/fahr-laessig.net\/wp-content\/uploads\/2019\/10\/IMG_9586-600x400.jpg 600w, http:\/\/fahr-laessig.net\/wp-content\/uploads\/2019\/10\/IMG_9586-460x307.jpg 460w, http:\/\/fahr-laessig.net\/wp-content\/uploads\/2019\/10\/IMG_9586-688x459.jpg 688w, http:\/\/fahr-laessig.net\/wp-content\/uploads\/2019\/10\/IMG_9586.jpg 1200w\" sizes=\"(max-width: 1024px) 100vw, 1024px\" \/><\/a><figcaption>Quai mit Gabarre.<\/figcaption><\/figure><\/li><li class=\"blocks-gallery-item\"><figure><a href=\"http:\/\/fahr-laessig.net\/wp-content\/uploads\/2019\/10\/MG_9933-1024x683.jpg\"><img decoding=\"async\" loading=\"lazy\" width=\"1024\" height=\"683\" src=\"http:\/\/fahr-laessig.net\/wp-content\/uploads\/2019\/10\/MG_9933-1024x683.jpg\" alt=\"\" data-id=\"302\" data-link=\"http:\/\/fahr-laessig.net\/?attachment_id=302\" class=\"wp-image-302\" srcset=\"http:\/\/fahr-laessig.net\/wp-content\/uploads\/2019\/10\/MG_9933-1024x683.jpg 1024w, http:\/\/fahr-laessig.net\/wp-content\/uploads\/2019\/10\/MG_9933-300x200.jpg 300w, http:\/\/fahr-laessig.net\/wp-content\/uploads\/2019\/10\/MG_9933-768x512.jpg 768w, http:\/\/fahr-laessig.net\/wp-content\/uploads\/2019\/10\/MG_9933-600x400.jpg 600w, http:\/\/fahr-laessig.net\/wp-content\/uploads\/2019\/10\/MG_9933-460x307.jpg 460w, http:\/\/fahr-laessig.net\/wp-content\/uploads\/2019\/10\/MG_9933-688x459.jpg 688w, http:\/\/fahr-laessig.net\/wp-content\/uploads\/2019\/10\/MG_9933.jpg 1200w\" sizes=\"(max-width: 1024px) 100vw, 1024px\" \/><\/a><figcaption>D\u00e4cher von Bergerac.<\/figcaption><\/figure><\/li><\/ul>\n","protected":false},"excerpt":{"rendered":"<p>Bergerac ist eine ruhige Kleinstadt an der Dordogne. Die Altstadt liegt am Ufer des Flusses und besteht aus vielen h\u00fcbschen Fachwerkh\u00e4uschen, sch\u00f6nen Pl\u00e4tzen (z.B.: den Place de la Mirpe), verwinkelten Gassen, Kirchen, netten Caf\u00e9s, einem March\u00e9 Couvert, Museen und alten M\u00fchlen. Es lohnt sich durch die Stadt zu schlendern und bei Sonnenschein eine Pause am [&hellip;]<\/p>\n","protected":false},"author":1,"featured_media":299,"comment_status":"closed","ping_status":"open","sticky":false,"template":"","format":"standard","meta":[],"categories":[10,1],"tags":[],"_links":{"self":[{"href":"http:\/\/fahr-laessig.net\/index.php?rest_route=\/wp\/v2\/posts\/296"}],"collection":[{"href":"http:\/\/fahr-laessig.net\/index.php?rest_route=\/wp\/v2\/posts"}],"about":[{"href":"http:\/\/fahr-laessig.net\/index.php?rest_route=\/wp\/v2\/types\/post"}],"author":[{"embeddable":true,"href":"http:\/\/fahr-laessig.net\/index.php?rest_route=\/wp\/v2\/users\/1"}],"replies":[{"embeddable":true,"href":"http:\/\/fahr-laessig.net\/index.php?rest_route=%2Fwp%2Fv2%2Fcomments&post=296"}],"version-history":[{"count":3,"href":"http:\/\/fahr-laessig.net\/index.php?rest_route=\/wp\/v2\/posts\/296\/revisions"}],"predecessor-version":[{"id":304,"href":"http:\/\/fahr-laessig.net\/index.php?rest_route=\/wp\/v2\/posts\/296\/revisions\/304"}],"wp:featuredmedia":[{"embeddable":true,"href":"http:\/\/fahr-laessig.net\/index.php?rest_route=\/wp\/v2\/media\/299"}],"wp:attachment":[{"href":"http:\/\/fahr-laessig.net\/index.php?rest_route=%2Fwp%2Fv2%2Fmedia&parent=296"}],"wp:term":[{"taxonomy":"category","embeddable":true,"href":"http:\/\/fahr-laessig.net\/index.php?rest_route=%2Fwp%2Fv2%2Fcategories&post=296"},{"taxonomy":"post_tag","embeddable":true,"href":"http:\/\/fahr-laessig.net\/index.php?rest_route=%2Fwp%2Fv2%2Ftags&post=296"}],"curies":[{"name":"wp","href":"https:\/\/api.w.org\/{rel}","templated":true}]}}