{"id":108,"date":"2019-10-10T21:32:20","date_gmt":"2019-10-10T19:32:20","guid":{"rendered":"http:\/\/fahr-laessig.net\/?p=108"},"modified":"2020-01-07T20:11:09","modified_gmt":"2020-01-07T18:11:09","slug":"jura-im-herbst","status":"publish","type":"post","link":"http:\/\/fahr-laessig.net\/?p=108","title":{"rendered":"Jura im Herbst"},"content":{"rendered":"\n<p>Das franz\u00f6sische Jura um die Fl\u00fcsse Ain und Doubs erstrahlt pr\u00e4chtig im Herbst. Das Land bietet zahlreiche H\u00fcgel, Grotten und Felsen. Aus den tief eingeschnittenen T\u00e4lern, mit ihren schroff ansteigenden Kalkw\u00e4nden, pl\u00e4tschern zahlreiche Rinnsale, die sich oft unterirdisch fortsetzen und dabei riesige Kavernen aush\u00f6hlen. Eine dieser Grotten ist die Grotte d&#8217;Osselle, welche \u00fcber einen Kilometer unterirdisch begehbar ist. Das weitere H\u00f6hlensystem verzweigt sich noch \u00fcber mehrere Kilometer, ist jedoch f\u00fcr Touristen nicht erschlossen. Kommt man wieder an die Oberfl\u00e4che, kann man weitl\u00e4ufige Weinbaugebiete entdecken.<\/p>\n\n\n\n<ul class=\"is-layout-flex wp-block-gallery-1 wp-block-gallery columns-3 is-cropped\"><li class=\"blocks-gallery-item\"><figure><a href=\"http:\/\/fahr-laessig.net\/wp-content\/uploads\/2019\/10\/MG_9025.jpg\"><img decoding=\"async\" loading=\"lazy\" width=\"800\" height=\"533\" src=\"http:\/\/fahr-laessig.net\/wp-content\/uploads\/2019\/10\/MG_9025.jpg\" alt=\"\" data-id=\"110\" data-link=\"http:\/\/fahr-laessig.net\/?attachment_id=110\" class=\"wp-image-110\" srcset=\"http:\/\/fahr-laessig.net\/wp-content\/uploads\/2019\/10\/MG_9025.jpg 800w, http:\/\/fahr-laessig.net\/wp-content\/uploads\/2019\/10\/MG_9025-300x200.jpg 300w, http:\/\/fahr-laessig.net\/wp-content\/uploads\/2019\/10\/MG_9025-768x512.jpg 768w, http:\/\/fahr-laessig.net\/wp-content\/uploads\/2019\/10\/MG_9025-600x400.jpg 600w, http:\/\/fahr-laessig.net\/wp-content\/uploads\/2019\/10\/MG_9025-460x306.jpg 460w, http:\/\/fahr-laessig.net\/wp-content\/uploads\/2019\/10\/MG_9025-688x458.jpg 688w\" sizes=\"(max-width: 800px) 100vw, 800px\" \/><\/a><\/figure><\/li><li class=\"blocks-gallery-item\"><figure><a href=\"http:\/\/fahr-laessig.net\/wp-content\/uploads\/2019\/10\/IMG_9328.jpg\"><img decoding=\"async\" loading=\"lazy\" width=\"800\" height=\"533\" src=\"http:\/\/fahr-laessig.net\/wp-content\/uploads\/2019\/10\/IMG_9328.jpg\" alt=\"\" data-id=\"116\" data-link=\"http:\/\/fahr-laessig.net\/?attachment_id=116\" class=\"wp-image-116\" srcset=\"http:\/\/fahr-laessig.net\/wp-content\/uploads\/2019\/10\/IMG_9328.jpg 800w, http:\/\/fahr-laessig.net\/wp-content\/uploads\/2019\/10\/IMG_9328-300x200.jpg 300w, http:\/\/fahr-laessig.net\/wp-content\/uploads\/2019\/10\/IMG_9328-768x512.jpg 768w, http:\/\/fahr-laessig.net\/wp-content\/uploads\/2019\/10\/IMG_9328-600x400.jpg 600w, http:\/\/fahr-laessig.net\/wp-content\/uploads\/2019\/10\/IMG_9328-460x306.jpg 460w, http:\/\/fahr-laessig.net\/wp-content\/uploads\/2019\/10\/IMG_9328-688x458.jpg 688w\" sizes=\"(max-width: 800px) 100vw, 800px\" \/><\/a><\/figure><\/li><li class=\"blocks-gallery-item\"><figure><a href=\"http:\/\/fahr-laessig.net\/wp-content\/uploads\/2019\/10\/IMG_9330.jpg\"><img decoding=\"async\" loading=\"lazy\" width=\"800\" height=\"533\" src=\"http:\/\/fahr-laessig.net\/wp-content\/uploads\/2019\/10\/IMG_9330.jpg\" alt=\"\" data-id=\"117\" data-link=\"http:\/\/fahr-laessig.net\/?attachment_id=117\" class=\"wp-image-117\" srcset=\"http:\/\/fahr-laessig.net\/wp-content\/uploads\/2019\/10\/IMG_9330.jpg 800w, http:\/\/fahr-laessig.net\/wp-content\/uploads\/2019\/10\/IMG_9330-300x200.jpg 300w, http:\/\/fahr-laessig.net\/wp-content\/uploads\/2019\/10\/IMG_9330-768x512.jpg 768w, http:\/\/fahr-laessig.net\/wp-content\/uploads\/2019\/10\/IMG_9330-600x400.jpg 600w, http:\/\/fahr-laessig.net\/wp-content\/uploads\/2019\/10\/IMG_9330-460x306.jpg 460w, http:\/\/fahr-laessig.net\/wp-content\/uploads\/2019\/10\/IMG_9330-688x458.jpg 688w\" sizes=\"(max-width: 800px) 100vw, 800px\" \/><\/a><\/figure><\/li><li class=\"blocks-gallery-item\"><figure><a href=\"http:\/\/fahr-laessig.net\/wp-content\/uploads\/2019\/10\/MG_9070.jpg\"><img decoding=\"async\" loading=\"lazy\" width=\"800\" height=\"533\" src=\"http:\/\/fahr-laessig.net\/wp-content\/uploads\/2019\/10\/MG_9070.jpg\" alt=\"\" data-id=\"112\" data-link=\"http:\/\/fahr-laessig.net\/?attachment_id=112\" class=\"wp-image-112\" srcset=\"http:\/\/fahr-laessig.net\/wp-content\/uploads\/2019\/10\/MG_9070.jpg 800w, http:\/\/fahr-laessig.net\/wp-content\/uploads\/2019\/10\/MG_9070-300x200.jpg 300w, http:\/\/fahr-laessig.net\/wp-content\/uploads\/2019\/10\/MG_9070-768x512.jpg 768w, http:\/\/fahr-laessig.net\/wp-content\/uploads\/2019\/10\/MG_9070-600x400.jpg 600w, http:\/\/fahr-laessig.net\/wp-content\/uploads\/2019\/10\/MG_9070-460x306.jpg 460w, http:\/\/fahr-laessig.net\/wp-content\/uploads\/2019\/10\/MG_9070-688x458.jpg 688w\" sizes=\"(max-width: 800px) 100vw, 800px\" \/><\/a><\/figure><\/li><li class=\"blocks-gallery-item\"><figure><a href=\"http:\/\/fahr-laessig.net\/wp-content\/uploads\/2019\/10\/MG_9037.jpg\"><img decoding=\"async\" loading=\"lazy\" width=\"800\" height=\"533\" src=\"http:\/\/fahr-laessig.net\/wp-content\/uploads\/2019\/10\/MG_9037.jpg\" alt=\"\" data-id=\"111\" data-link=\"http:\/\/fahr-laessig.net\/?attachment_id=111\" class=\"wp-image-111\" srcset=\"http:\/\/fahr-laessig.net\/wp-content\/uploads\/2019\/10\/MG_9037.jpg 800w, http:\/\/fahr-laessig.net\/wp-content\/uploads\/2019\/10\/MG_9037-300x200.jpg 300w, http:\/\/fahr-laessig.net\/wp-content\/uploads\/2019\/10\/MG_9037-768x512.jpg 768w, http:\/\/fahr-laessig.net\/wp-content\/uploads\/2019\/10\/MG_9037-600x400.jpg 600w, http:\/\/fahr-laessig.net\/wp-content\/uploads\/2019\/10\/MG_9037-460x306.jpg 460w, http:\/\/fahr-laessig.net\/wp-content\/uploads\/2019\/10\/MG_9037-688x458.jpg 688w\" sizes=\"(max-width: 800px) 100vw, 800px\" \/><\/a><\/figure><\/li><li class=\"blocks-gallery-item\"><figure><a href=\"http:\/\/fahr-laessig.net\/wp-content\/uploads\/2019\/10\/MG_9055.jpg\"><img decoding=\"async\" loading=\"lazy\" width=\"800\" height=\"533\" src=\"http:\/\/fahr-laessig.net\/wp-content\/uploads\/2019\/10\/MG_9055.jpg\" alt=\"\" data-id=\"123\" data-link=\"http:\/\/fahr-laessig.net\/?attachment_id=123\" class=\"wp-image-123\" srcset=\"http:\/\/fahr-laessig.net\/wp-content\/uploads\/2019\/10\/MG_9055.jpg 800w, http:\/\/fahr-laessig.net\/wp-content\/uploads\/2019\/10\/MG_9055-300x200.jpg 300w, http:\/\/fahr-laessig.net\/wp-content\/uploads\/2019\/10\/MG_9055-768x512.jpg 768w, http:\/\/fahr-laessig.net\/wp-content\/uploads\/2019\/10\/MG_9055-600x400.jpg 600w, http:\/\/fahr-laessig.net\/wp-content\/uploads\/2019\/10\/MG_9055-460x306.jpg 460w, http:\/\/fahr-laessig.net\/wp-content\/uploads\/2019\/10\/MG_9055-688x458.jpg 688w\" sizes=\"(max-width: 800px) 100vw, 800px\" \/><\/a><\/figure><\/li><li class=\"blocks-gallery-item\"><figure><a href=\"http:\/\/fahr-laessig.net\/wp-content\/uploads\/2019\/10\/MG_9051.jpg\"><img decoding=\"async\" loading=\"lazy\" width=\"800\" height=\"533\" src=\"http:\/\/fahr-laessig.net\/wp-content\/uploads\/2019\/10\/MG_9051.jpg\" alt=\"\" data-id=\"122\" data-link=\"http:\/\/fahr-laessig.net\/?attachment_id=122\" class=\"wp-image-122\" srcset=\"http:\/\/fahr-laessig.net\/wp-content\/uploads\/2019\/10\/MG_9051.jpg 800w, http:\/\/fahr-laessig.net\/wp-content\/uploads\/2019\/10\/MG_9051-300x200.jpg 300w, http:\/\/fahr-laessig.net\/wp-content\/uploads\/2019\/10\/MG_9051-768x512.jpg 768w, http:\/\/fahr-laessig.net\/wp-content\/uploads\/2019\/10\/MG_9051-600x400.jpg 600w, http:\/\/fahr-laessig.net\/wp-content\/uploads\/2019\/10\/MG_9051-460x306.jpg 460w, http:\/\/fahr-laessig.net\/wp-content\/uploads\/2019\/10\/MG_9051-688x458.jpg 688w\" sizes=\"(max-width: 800px) 100vw, 800px\" \/><\/a><\/figure><\/li><li class=\"blocks-gallery-item\"><figure><a href=\"http:\/\/fahr-laessig.net\/wp-content\/uploads\/2019\/10\/MG_9033.jpg\"><img decoding=\"async\" loading=\"lazy\" width=\"799\" height=\"533\" src=\"http:\/\/fahr-laessig.net\/wp-content\/uploads\/2019\/10\/MG_9033.jpg\" alt=\"\" data-id=\"121\" data-link=\"http:\/\/fahr-laessig.net\/?attachment_id=121\" class=\"wp-image-121\" srcset=\"http:\/\/fahr-laessig.net\/wp-content\/uploads\/2019\/10\/MG_9033.jpg 799w, http:\/\/fahr-laessig.net\/wp-content\/uploads\/2019\/10\/MG_9033-300x200.jpg 300w, http:\/\/fahr-laessig.net\/wp-content\/uploads\/2019\/10\/MG_9033-768x512.jpg 768w, http:\/\/fahr-laessig.net\/wp-content\/uploads\/2019\/10\/MG_9033-600x400.jpg 600w, http:\/\/fahr-laessig.net\/wp-content\/uploads\/2019\/10\/MG_9033-460x307.jpg 460w, http:\/\/fahr-laessig.net\/wp-content\/uploads\/2019\/10\/MG_9033-688x459.jpg 688w\" sizes=\"(max-width: 799px) 100vw, 799px\" \/><\/a><\/figure><\/li><li class=\"blocks-gallery-item\"><figure><a href=\"http:\/\/fahr-laessig.net\/wp-content\/uploads\/2019\/10\/MG_8953.jpg\"><img decoding=\"async\" loading=\"lazy\" width=\"800\" height=\"533\" src=\"http:\/\/fahr-laessig.net\/wp-content\/uploads\/2019\/10\/MG_8953.jpg\" alt=\"\" data-id=\"114\" data-link=\"http:\/\/fahr-laessig.net\/?attachment_id=114\" class=\"wp-image-114\" srcset=\"http:\/\/fahr-laessig.net\/wp-content\/uploads\/2019\/10\/MG_8953.jpg 800w, http:\/\/fahr-laessig.net\/wp-content\/uploads\/2019\/10\/MG_8953-300x200.jpg 300w, http:\/\/fahr-laessig.net\/wp-content\/uploads\/2019\/10\/MG_8953-768x512.jpg 768w, http:\/\/fahr-laessig.net\/wp-content\/uploads\/2019\/10\/MG_8953-600x400.jpg 600w, http:\/\/fahr-laessig.net\/wp-content\/uploads\/2019\/10\/MG_8953-460x306.jpg 460w, http:\/\/fahr-laessig.net\/wp-content\/uploads\/2019\/10\/MG_8953-688x458.jpg 688w\" sizes=\"(max-width: 800px) 100vw, 800px\" \/><\/a><\/figure><\/li><li class=\"blocks-gallery-item\"><figure><a href=\"http:\/\/fahr-laessig.net\/wp-content\/uploads\/2019\/10\/MG_8954.jpg\"><img decoding=\"async\" loading=\"lazy\" width=\"800\" height=\"533\" src=\"http:\/\/fahr-laessig.net\/wp-content\/uploads\/2019\/10\/MG_8954.jpg\" alt=\"\" data-id=\"115\" data-link=\"http:\/\/fahr-laessig.net\/?attachment_id=115\" class=\"wp-image-115\" srcset=\"http:\/\/fahr-laessig.net\/wp-content\/uploads\/2019\/10\/MG_8954.jpg 800w, http:\/\/fahr-laessig.net\/wp-content\/uploads\/2019\/10\/MG_8954-300x200.jpg 300w, http:\/\/fahr-laessig.net\/wp-content\/uploads\/2019\/10\/MG_8954-768x512.jpg 768w, http:\/\/fahr-laessig.net\/wp-content\/uploads\/2019\/10\/MG_8954-600x400.jpg 600w, http:\/\/fahr-laessig.net\/wp-content\/uploads\/2019\/10\/MG_8954-460x306.jpg 460w, http:\/\/fahr-laessig.net\/wp-content\/uploads\/2019\/10\/MG_8954-688x458.jpg 688w\" sizes=\"(max-width: 800px) 100vw, 800px\" \/><\/a><\/figure><\/li><\/ul>\n","protected":false},"excerpt":{"rendered":"<p>Das franz\u00f6sische Jura um die Fl\u00fcsse Ain und Doubs erstrahlt pr\u00e4chtig im Herbst. Das Land bietet zahlreiche H\u00fcgel, Grotten und Felsen. Aus den tief eingeschnittenen T\u00e4lern, mit ihren schroff ansteigenden Kalkw\u00e4nden, pl\u00e4tschern zahlreiche Rinnsale, die sich oft unterirdisch fortsetzen und dabei riesige Kavernen aush\u00f6hlen. Eine dieser Grotten ist die Grotte d&#8217;Osselle, welche \u00fcber einen Kilometer [&hellip;]<\/p>\n","protected":false},"author":1,"featured_media":113,"comment_status":"closed","ping_status":"open","sticky":false,"template":"","format":"standard","meta":[],"categories":[10,1],"tags":[],"_links":{"self":[{"href":"http:\/\/fahr-laessig.net\/index.php?rest_route=\/wp\/v2\/posts\/108"}],"collection":[{"href":"http:\/\/fahr-laessig.net\/index.php?rest_route=\/wp\/v2\/posts"}],"about":[{"href":"http:\/\/fahr-laessig.net\/index.php?rest_route=\/wp\/v2\/types\/post"}],"author":[{"embeddable":true,"href":"http:\/\/fahr-laessig.net\/index.php?rest_route=\/wp\/v2\/users\/1"}],"replies":[{"embeddable":true,"href":"http:\/\/fahr-laessig.net\/index.php?rest_route=%2Fwp%2Fv2%2Fcomments&post=108"}],"version-history":[{"count":5,"href":"http:\/\/fahr-laessig.net\/index.php?rest_route=\/wp\/v2\/posts\/108\/revisions"}],"predecessor-version":[{"id":142,"href":"http:\/\/fahr-laessig.net\/index.php?rest_route=\/wp\/v2\/posts\/108\/revisions\/142"}],"wp:featuredmedia":[{"embeddable":true,"href":"http:\/\/fahr-laessig.net\/index.php?rest_route=\/wp\/v2\/media\/113"}],"wp:attachment":[{"href":"http:\/\/fahr-laessig.net\/index.php?rest_route=%2Fwp%2Fv2%2Fmedia&parent=108"}],"wp:term":[{"taxonomy":"category","embeddable":true,"href":"http:\/\/fahr-laessig.net\/index.php?rest_route=%2Fwp%2Fv2%2Fcategories&post=108"},{"taxonomy":"post_tag","embeddable":true,"href":"http:\/\/fahr-laessig.net\/index.php?rest_route=%2Fwp%2Fv2%2Ftags&post=108"}],"curies":[{"name":"wp","href":"https:\/\/api.w.org\/{rel}","templated":true}]}}