{"id":1069,"date":"2020-03-20T23:38:00","date_gmt":"2020-03-20T21:38:00","guid":{"rendered":"http:\/\/fahr-laessig.net\/?p=1069"},"modified":"2020-04-25T22:43:10","modified_gmt":"2020-04-25T20:43:10","slug":"campen-in-zeiten-von-corona","status":"publish","type":"post","link":"http:\/\/fahr-laessig.net\/?p=1069","title":{"rendered":"Campen in Zeiten von Corona"},"content":{"rendered":"\n<p><strong>Tag 36 bis 42<\/strong><\/p>\n\n\n\n<p>Unser Zeitgef\u00fchl l\u00e4sst ein wenig nach. Wochentage sind irgendwie bedeutungslos, was bei l\u00e4ngeren Reisen ja durchaus mal vorkommen kann. Nun ist das Ganze aber schon ein wenig fortgeschrittener, weshalb wir uns nicht immer sicher sind, welcher Monat gerade ist. Es f\u00fchlt sich ein wenig surreal an. In den Medien herrscht immer noch Pandemiestimmung. Die Zeitungen haben eigentlich keine wirklichen Neuigkeiten und f\u00fcllen sich trozdem und hier im Nationalpark f\u00fchlt man sich irgendwie nicht betroffen. Zugegeben, f\u00e4hrt man zum Einkaufen \u00fcber Land kommen einen zahlreiche Maskentr\u00e4ger entgegen, was hier scheints auch im Privatauto v\u00f6llig normal ist. Dar\u00fcber wird gerade noch in Deutschland lamentiert, hier ist es l\u00e4ngst zur Realit\u00e4t geworden. Superm\u00e4rkte entkeimen flei\u00dfig ihre Einkaufsw\u00e4gen und verteilen Handschuhe und Desinfektionsmittel am Ladeneingang. Sieht man genauer hin, wer die W\u00e4gen putzen darf, sind es die gleichen Menschen, die sonst in den Tomatenplantagen schuften d\u00fcrfen. Vielleicht ist es doch nicht so surreal, wie es uns vorkommt, aber wir sind mit genau 4 Personen in einer Ansiedlung, weshalb unsere Wahrnehmung der Ereignisse nat\u00fcrlich alles andere als dem Durchschnitt entspricht. So vergehen die Tage und wir machen das Beste daraus. Abwarten und unserer freundlichen Gastgeberin im Garten und im Haus behilflich sein. Unser Kater hat dabei seine sch\u00f6nste Zeit, wenngleich er vorgestern die Bekanntschaft einer Wespe gemacht hat. Trotz dicker Backe war er nach einer halben Stunde schon wieder einsatzbereit und tollte mit seiner neuen Spielgef\u00e4hrtin, einer jungen Terrierdame, herum.<\/p>\n\n\n\n<figure class=\"is-layout-flex wp-block-gallery-1 wp-block-gallery columns-3 is-cropped\"><ul class=\"blocks-gallery-grid\"><li class=\"blocks-gallery-item\"><figure><a href=\"http:\/\/fahr-laessig.net\/wp-content\/uploads\/2020\/04\/MG_2982.jpg\"><img decoding=\"async\" loading=\"lazy\" width=\"1024\" height=\"683\" src=\"http:\/\/fahr-laessig.net\/wp-content\/uploads\/2020\/04\/MG_2982-1024x683.jpg\" alt=\"\" data-id=\"1160\" data-full-url=\"http:\/\/fahr-laessig.net\/wp-content\/uploads\/2020\/04\/MG_2982.jpg\" data-link=\"http:\/\/fahr-laessig.net\/?attachment_id=1160\" class=\"wp-image-1160\" srcset=\"http:\/\/fahr-laessig.net\/wp-content\/uploads\/2020\/04\/MG_2982-1024x683.jpg 1024w, http:\/\/fahr-laessig.net\/wp-content\/uploads\/2020\/04\/MG_2982-300x200.jpg 300w, http:\/\/fahr-laessig.net\/wp-content\/uploads\/2020\/04\/MG_2982-768x512.jpg 768w, http:\/\/fahr-laessig.net\/wp-content\/uploads\/2020\/04\/MG_2982-600x400.jpg 600w, http:\/\/fahr-laessig.net\/wp-content\/uploads\/2020\/04\/MG_2982-460x307.jpg 460w, http:\/\/fahr-laessig.net\/wp-content\/uploads\/2020\/04\/MG_2982-688x459.jpg 688w, http:\/\/fahr-laessig.net\/wp-content\/uploads\/2020\/04\/MG_2982.jpg 1200w\" sizes=\"(max-width: 1024px) 100vw, 1024px\" \/><\/a><\/figure><\/li><li class=\"blocks-gallery-item\"><figure><a href=\"http:\/\/fahr-laessig.net\/wp-content\/uploads\/2020\/04\/MG_2975.jpg\"><img decoding=\"async\" loading=\"lazy\" width=\"1024\" height=\"683\" src=\"http:\/\/fahr-laessig.net\/wp-content\/uploads\/2020\/04\/MG_2975-1024x683.jpg\" alt=\"\" data-id=\"1161\" data-full-url=\"http:\/\/fahr-laessig.net\/wp-content\/uploads\/2020\/04\/MG_2975.jpg\" data-link=\"http:\/\/fahr-laessig.net\/?attachment_id=1161\" class=\"wp-image-1161\" srcset=\"http:\/\/fahr-laessig.net\/wp-content\/uploads\/2020\/04\/MG_2975-1024x683.jpg 1024w, http:\/\/fahr-laessig.net\/wp-content\/uploads\/2020\/04\/MG_2975-300x200.jpg 300w, http:\/\/fahr-laessig.net\/wp-content\/uploads\/2020\/04\/MG_2975-768x512.jpg 768w, http:\/\/fahr-laessig.net\/wp-content\/uploads\/2020\/04\/MG_2975-600x400.jpg 600w, http:\/\/fahr-laessig.net\/wp-content\/uploads\/2020\/04\/MG_2975-460x307.jpg 460w, http:\/\/fahr-laessig.net\/wp-content\/uploads\/2020\/04\/MG_2975-688x459.jpg 688w, http:\/\/fahr-laessig.net\/wp-content\/uploads\/2020\/04\/MG_2975.jpg 1200w\" sizes=\"(max-width: 1024px) 100vw, 1024px\" \/><\/a><\/figure><\/li><li class=\"blocks-gallery-item\"><figure><a href=\"http:\/\/fahr-laessig.net\/wp-content\/uploads\/2020\/04\/MG_2979.jpg\"><img decoding=\"async\" loading=\"lazy\" width=\"1024\" height=\"683\" src=\"http:\/\/fahr-laessig.net\/wp-content\/uploads\/2020\/04\/MG_2979-1024x683.jpg\" alt=\"\" data-id=\"1159\" data-full-url=\"http:\/\/fahr-laessig.net\/wp-content\/uploads\/2020\/04\/MG_2979.jpg\" data-link=\"http:\/\/fahr-laessig.net\/?attachment_id=1159\" class=\"wp-image-1159\" srcset=\"http:\/\/fahr-laessig.net\/wp-content\/uploads\/2020\/04\/MG_2979-1024x683.jpg 1024w, http:\/\/fahr-laessig.net\/wp-content\/uploads\/2020\/04\/MG_2979-300x200.jpg 300w, http:\/\/fahr-laessig.net\/wp-content\/uploads\/2020\/04\/MG_2979-768x512.jpg 768w, http:\/\/fahr-laessig.net\/wp-content\/uploads\/2020\/04\/MG_2979-600x400.jpg 600w, http:\/\/fahr-laessig.net\/wp-content\/uploads\/2020\/04\/MG_2979-460x307.jpg 460w, http:\/\/fahr-laessig.net\/wp-content\/uploads\/2020\/04\/MG_2979-688x459.jpg 688w, http:\/\/fahr-laessig.net\/wp-content\/uploads\/2020\/04\/MG_2979.jpg 1200w\" sizes=\"(max-width: 1024px) 100vw, 1024px\" \/><\/a><\/figure><\/li><li class=\"blocks-gallery-item\"><figure><a href=\"http:\/\/fahr-laessig.net\/wp-content\/uploads\/2020\/04\/MG_2964.jpg\"><img decoding=\"async\" loading=\"lazy\" width=\"1024\" height=\"683\" src=\"http:\/\/fahr-laessig.net\/wp-content\/uploads\/2020\/04\/MG_2964-1024x683.jpg\" alt=\"\" data-id=\"1162\" data-full-url=\"http:\/\/fahr-laessig.net\/wp-content\/uploads\/2020\/04\/MG_2964.jpg\" data-link=\"http:\/\/fahr-laessig.net\/?attachment_id=1162\" class=\"wp-image-1162\" srcset=\"http:\/\/fahr-laessig.net\/wp-content\/uploads\/2020\/04\/MG_2964-1024x683.jpg 1024w, http:\/\/fahr-laessig.net\/wp-content\/uploads\/2020\/04\/MG_2964-300x200.jpg 300w, http:\/\/fahr-laessig.net\/wp-content\/uploads\/2020\/04\/MG_2964-768x512.jpg 768w, http:\/\/fahr-laessig.net\/wp-content\/uploads\/2020\/04\/MG_2964-600x400.jpg 600w, http:\/\/fahr-laessig.net\/wp-content\/uploads\/2020\/04\/MG_2964-460x307.jpg 460w, http:\/\/fahr-laessig.net\/wp-content\/uploads\/2020\/04\/MG_2964-688x459.jpg 688w, http:\/\/fahr-laessig.net\/wp-content\/uploads\/2020\/04\/MG_2964.jpg 1200w\" sizes=\"(max-width: 1024px) 100vw, 1024px\" \/><\/a><\/figure><\/li><li class=\"blocks-gallery-item\"><figure><a href=\"http:\/\/fahr-laessig.net\/wp-content\/uploads\/2020\/04\/MG_2955.jpg\"><img decoding=\"async\" loading=\"lazy\" width=\"1024\" height=\"683\" src=\"http:\/\/fahr-laessig.net\/wp-content\/uploads\/2020\/04\/MG_2955-1024x683.jpg\" alt=\"\" data-id=\"1163\" data-full-url=\"http:\/\/fahr-laessig.net\/wp-content\/uploads\/2020\/04\/MG_2955.jpg\" data-link=\"http:\/\/fahr-laessig.net\/?attachment_id=1163\" class=\"wp-image-1163\" srcset=\"http:\/\/fahr-laessig.net\/wp-content\/uploads\/2020\/04\/MG_2955-1024x683.jpg 1024w, http:\/\/fahr-laessig.net\/wp-content\/uploads\/2020\/04\/MG_2955-300x200.jpg 300w, http:\/\/fahr-laessig.net\/wp-content\/uploads\/2020\/04\/MG_2955-768x512.jpg 768w, http:\/\/fahr-laessig.net\/wp-content\/uploads\/2020\/04\/MG_2955-600x400.jpg 600w, http:\/\/fahr-laessig.net\/wp-content\/uploads\/2020\/04\/MG_2955-460x307.jpg 460w, http:\/\/fahr-laessig.net\/wp-content\/uploads\/2020\/04\/MG_2955-688x459.jpg 688w, http:\/\/fahr-laessig.net\/wp-content\/uploads\/2020\/04\/MG_2955.jpg 1200w\" sizes=\"(max-width: 1024px) 100vw, 1024px\" \/><\/a><\/figure><\/li><li class=\"blocks-gallery-item\"><figure><a href=\"http:\/\/fahr-laessig.net\/wp-content\/uploads\/2020\/04\/MG_2915.jpg\"><img decoding=\"async\" loading=\"lazy\" width=\"1024\" height=\"683\" src=\"http:\/\/fahr-laessig.net\/wp-content\/uploads\/2020\/04\/MG_2915-1024x683.jpg\" alt=\"\" data-id=\"1164\" data-full-url=\"http:\/\/fahr-laessig.net\/wp-content\/uploads\/2020\/04\/MG_2915.jpg\" data-link=\"http:\/\/fahr-laessig.net\/?attachment_id=1164\" class=\"wp-image-1164\" srcset=\"http:\/\/fahr-laessig.net\/wp-content\/uploads\/2020\/04\/MG_2915-1024x683.jpg 1024w, http:\/\/fahr-laessig.net\/wp-content\/uploads\/2020\/04\/MG_2915-300x200.jpg 300w, http:\/\/fahr-laessig.net\/wp-content\/uploads\/2020\/04\/MG_2915-768x512.jpg 768w, http:\/\/fahr-laessig.net\/wp-content\/uploads\/2020\/04\/MG_2915-600x400.jpg 600w, http:\/\/fahr-laessig.net\/wp-content\/uploads\/2020\/04\/MG_2915-460x307.jpg 460w, http:\/\/fahr-laessig.net\/wp-content\/uploads\/2020\/04\/MG_2915-688x459.jpg 688w, http:\/\/fahr-laessig.net\/wp-content\/uploads\/2020\/04\/MG_2915.jpg 1200w\" sizes=\"(max-width: 1024px) 100vw, 1024px\" \/><\/a><\/figure><\/li><\/ul><\/figure>\n\n\n\n<p><strong>Tag 23 bis 35<\/strong><\/p>\n\n\n\n<p>Langsam stellt sich der Pandemie-Ausgansssperre-Alltag ein.<\/p>\n\n\n\n<p>Wir 3 haben es uns hier jetzt sehr gut eingerichtet, sind abwechselnd im Bus und in der kleinen Ferienwohnung inkl. Garten und Hinterhof und Minho f\u00fchlt sich &#8211; genau wie wir &#8211; dort auch schon heimisch. Er kann rumsausen und lernt langsam die Bewohner kennen, vor allem die Katzen und den kleinen Hund Venus. Die anderen sind ihm immernoch unheimlich. Wir finden hier immer neue Besch\u00e4ftigungen, haben schon einen Zaun repariert und gestrichen, Bretter angebracht, M\u00fcckennetze befestigt, ausgegrast, Palme geschnitten, Lampen gerichtet und so weiter. Es gibt immer was zu tun. Aber es bleibt auch immer genug Zeit zum Nichtstun, chillen, lesen (Team Sachbuch vs. Team Roman &#8211; Minho ist noch unentschlossen), ratschen, zum Spiele erfinden, f\u00fcr Spieleabende mit der Hausherrin, leckeres steirisches Essen und Es-sich-Gutgehen-lassen. Es regnet hier immernoch \u00f6fters und der Garten findets toll, es bl\u00fcht allerorten, kleine kleinste und gro\u00dfe Bl\u00fcten in allen Farben, fast zu schade zum entfernen. Daneben wuseln Geckos herum und wenn man genau hinsieht, entdeckt man noch mehr Chamaeleonidae. <\/p>\n\n\n\n<figure class=\"is-layout-flex wp-block-gallery-3 wp-block-gallery columns-3 is-cropped\"><ul class=\"blocks-gallery-grid\"><li class=\"blocks-gallery-item\"><figure><a href=\"http:\/\/fahr-laessig.net\/wp-content\/uploads\/2020\/04\/MG_2924.jpg\"><img decoding=\"async\" loading=\"lazy\" width=\"1024\" height=\"683\" src=\"http:\/\/fahr-laessig.net\/wp-content\/uploads\/2020\/04\/MG_2924-1024x683.jpg\" alt=\"\" data-id=\"1151\" data-full-url=\"http:\/\/fahr-laessig.net\/wp-content\/uploads\/2020\/04\/MG_2924.jpg\" data-link=\"http:\/\/fahr-laessig.net\/?attachment_id=1151\" class=\"wp-image-1151\" srcset=\"http:\/\/fahr-laessig.net\/wp-content\/uploads\/2020\/04\/MG_2924-1024x683.jpg 1024w, http:\/\/fahr-laessig.net\/wp-content\/uploads\/2020\/04\/MG_2924-300x200.jpg 300w, http:\/\/fahr-laessig.net\/wp-content\/uploads\/2020\/04\/MG_2924-768x512.jpg 768w, http:\/\/fahr-laessig.net\/wp-content\/uploads\/2020\/04\/MG_2924-600x400.jpg 600w, http:\/\/fahr-laessig.net\/wp-content\/uploads\/2020\/04\/MG_2924-460x307.jpg 460w, http:\/\/fahr-laessig.net\/wp-content\/uploads\/2020\/04\/MG_2924-688x459.jpg 688w, http:\/\/fahr-laessig.net\/wp-content\/uploads\/2020\/04\/MG_2924.jpg 1200w\" sizes=\"(max-width: 1024px) 100vw, 1024px\" \/><\/a><\/figure><\/li><li class=\"blocks-gallery-item\"><figure><a href=\"http:\/\/fahr-laessig.net\/wp-content\/uploads\/2020\/04\/IMG_2783.jpg\"><img decoding=\"async\" loading=\"lazy\" width=\"1024\" height=\"683\" src=\"http:\/\/fahr-laessig.net\/wp-content\/uploads\/2020\/04\/IMG_2783-1024x683.jpg\" alt=\"\" data-id=\"1152\" data-full-url=\"http:\/\/fahr-laessig.net\/wp-content\/uploads\/2020\/04\/IMG_2783.jpg\" data-link=\"http:\/\/fahr-laessig.net\/?attachment_id=1152\" class=\"wp-image-1152\" srcset=\"http:\/\/fahr-laessig.net\/wp-content\/uploads\/2020\/04\/IMG_2783-1024x683.jpg 1024w, http:\/\/fahr-laessig.net\/wp-content\/uploads\/2020\/04\/IMG_2783-300x200.jpg 300w, http:\/\/fahr-laessig.net\/wp-content\/uploads\/2020\/04\/IMG_2783-768x512.jpg 768w, http:\/\/fahr-laessig.net\/wp-content\/uploads\/2020\/04\/IMG_2783-600x400.jpg 600w, http:\/\/fahr-laessig.net\/wp-content\/uploads\/2020\/04\/IMG_2783-460x307.jpg 460w, http:\/\/fahr-laessig.net\/wp-content\/uploads\/2020\/04\/IMG_2783-688x459.jpg 688w, http:\/\/fahr-laessig.net\/wp-content\/uploads\/2020\/04\/IMG_2783.jpg 1200w\" sizes=\"(max-width: 1024px) 100vw, 1024px\" \/><\/a><\/figure><\/li><li class=\"blocks-gallery-item\"><figure><a href=\"http:\/\/fahr-laessig.net\/wp-content\/uploads\/2020\/04\/MG_2998.jpg\"><img decoding=\"async\" loading=\"lazy\" width=\"1024\" height=\"683\" src=\"http:\/\/fahr-laessig.net\/wp-content\/uploads\/2020\/04\/MG_2998-1024x683.jpg\" alt=\"\" data-id=\"1153\" data-full-url=\"http:\/\/fahr-laessig.net\/wp-content\/uploads\/2020\/04\/MG_2998.jpg\" data-link=\"http:\/\/fahr-laessig.net\/?attachment_id=1153\" class=\"wp-image-1153\" srcset=\"http:\/\/fahr-laessig.net\/wp-content\/uploads\/2020\/04\/MG_2998-1024x683.jpg 1024w, http:\/\/fahr-laessig.net\/wp-content\/uploads\/2020\/04\/MG_2998-300x200.jpg 300w, http:\/\/fahr-laessig.net\/wp-content\/uploads\/2020\/04\/MG_2998-768x512.jpg 768w, http:\/\/fahr-laessig.net\/wp-content\/uploads\/2020\/04\/MG_2998-600x400.jpg 600w, http:\/\/fahr-laessig.net\/wp-content\/uploads\/2020\/04\/MG_2998-460x307.jpg 460w, http:\/\/fahr-laessig.net\/wp-content\/uploads\/2020\/04\/MG_2998-688x459.jpg 688w, http:\/\/fahr-laessig.net\/wp-content\/uploads\/2020\/04\/MG_2998.jpg 1200w\" sizes=\"(max-width: 1024px) 100vw, 1024px\" \/><\/a><\/figure><\/li><li class=\"blocks-gallery-item\"><figure><a href=\"http:\/\/fahr-laessig.net\/wp-content\/uploads\/2020\/04\/MG_2958.jpg\"><img decoding=\"async\" loading=\"lazy\" width=\"1024\" height=\"683\" src=\"http:\/\/fahr-laessig.net\/wp-content\/uploads\/2020\/04\/MG_2958-1024x683.jpg\" alt=\"\" data-id=\"1154\" data-full-url=\"http:\/\/fahr-laessig.net\/wp-content\/uploads\/2020\/04\/MG_2958.jpg\" data-link=\"http:\/\/fahr-laessig.net\/?attachment_id=1154\" class=\"wp-image-1154\" srcset=\"http:\/\/fahr-laessig.net\/wp-content\/uploads\/2020\/04\/MG_2958-1024x683.jpg 1024w, http:\/\/fahr-laessig.net\/wp-content\/uploads\/2020\/04\/MG_2958-300x200.jpg 300w, http:\/\/fahr-laessig.net\/wp-content\/uploads\/2020\/04\/MG_2958-768x512.jpg 768w, http:\/\/fahr-laessig.net\/wp-content\/uploads\/2020\/04\/MG_2958-600x400.jpg 600w, http:\/\/fahr-laessig.net\/wp-content\/uploads\/2020\/04\/MG_2958-460x307.jpg 460w, http:\/\/fahr-laessig.net\/wp-content\/uploads\/2020\/04\/MG_2958-688x459.jpg 688w, http:\/\/fahr-laessig.net\/wp-content\/uploads\/2020\/04\/MG_2958.jpg 1200w\" sizes=\"(max-width: 1024px) 100vw, 1024px\" \/><\/a><\/figure><\/li><\/ul><\/figure>\n\n\n\n<p><strong>Tag 20, 21 und 22<\/strong><\/p>\n\n\n\n<p>Wir sind umgezogen! Vorgestern war der gro\u00dfe Tag, wir haben nach mehr als eineinhalb Wochen unseren supersch\u00f6nen Platz hinter den Olivenb\u00e4umen verlassen und sind wenige Kilometer weiter in den kleinen Weiler gefahren. Jetzt stehen wir bei einer sehr netten \u00d6sterreicherin im gro\u00dfen Grundst\u00fcck und d\u00fcrfen sogar noch Bad und K\u00fcche einer Ferienwohnung sowie die Waschmaschine benutzen. Was f\u00fcr ein Luxus nach 3 Wochen Regenwasserduschen! Wir haben daf\u00fcr schon Hilfe im Garten geleistet, was uns nach der langen Ausgangssperre mit wenig Aktivit\u00e4t auch sehr gut tut. Es gibt hier 5 freundliche Hunde in allen Gr\u00f6\u00dfen und Farben, unz\u00e4hlige verschmuste und wilde Katzen, kleine Gekos und die Schafs-\/Ziegenherde zieht auch hier vorbei. Beim Heckeschneiden ist uns dann gleich noch ein weiteres &#8222;Haustier&#8220; aufgefallen: Ein Cham\u00e4leon. Und da es nicht besonders bewegungsfreudig war, blieb sogar Zeit die Kamera zu holen. Minho findet die Hunde bl\u00f6d, einzeln ok, aber zu f\u00fcnft sind sie ihm einfach zu viel. Aber hinten im Garten gibt es einen geschlossenen Bereich mit einer Terasse, da dreht er jetzt immer seine Runden. Und wenn die Hunde Gassi gehen, tanzen die Katzen auf den B\u00e4umen, oder so \u00e4hnlich;)<\/p>\n\n\n\n<figure class=\"is-layout-flex wp-block-gallery-5 wp-block-gallery columns-3 is-cropped\"><ul class=\"blocks-gallery-grid\"><li class=\"blocks-gallery-item\"><figure><a href=\"http:\/\/fahr-laessig.net\/wp-content\/uploads\/2020\/04\/MG_2892.jpg\"><img decoding=\"async\" loading=\"lazy\" width=\"1024\" height=\"683\" src=\"http:\/\/fahr-laessig.net\/wp-content\/uploads\/2020\/04\/MG_2892-1024x683.jpg\" alt=\"\" data-id=\"1143\" data-full-url=\"http:\/\/fahr-laessig.net\/wp-content\/uploads\/2020\/04\/MG_2892.jpg\" data-link=\"http:\/\/fahr-laessig.net\/?attachment_id=1143\" class=\"wp-image-1143\" srcset=\"http:\/\/fahr-laessig.net\/wp-content\/uploads\/2020\/04\/MG_2892-1024x683.jpg 1024w, http:\/\/fahr-laessig.net\/wp-content\/uploads\/2020\/04\/MG_2892-300x200.jpg 300w, http:\/\/fahr-laessig.net\/wp-content\/uploads\/2020\/04\/MG_2892-768x512.jpg 768w, http:\/\/fahr-laessig.net\/wp-content\/uploads\/2020\/04\/MG_2892-600x400.jpg 600w, http:\/\/fahr-laessig.net\/wp-content\/uploads\/2020\/04\/MG_2892-460x307.jpg 460w, http:\/\/fahr-laessig.net\/wp-content\/uploads\/2020\/04\/MG_2892-688x459.jpg 688w, http:\/\/fahr-laessig.net\/wp-content\/uploads\/2020\/04\/MG_2892.jpg 1200w\" sizes=\"(max-width: 1024px) 100vw, 1024px\" \/><\/a><\/figure><\/li><li class=\"blocks-gallery-item\"><figure><a href=\"http:\/\/fahr-laessig.net\/wp-content\/uploads\/2020\/04\/MG_2882.jpg\"><img decoding=\"async\" loading=\"lazy\" width=\"1024\" height=\"683\" src=\"http:\/\/fahr-laessig.net\/wp-content\/uploads\/2020\/04\/MG_2882-1024x683.jpg\" alt=\"\" data-id=\"1144\" data-full-url=\"http:\/\/fahr-laessig.net\/wp-content\/uploads\/2020\/04\/MG_2882.jpg\" data-link=\"http:\/\/fahr-laessig.net\/?attachment_id=1144\" class=\"wp-image-1144\" srcset=\"http:\/\/fahr-laessig.net\/wp-content\/uploads\/2020\/04\/MG_2882-1024x683.jpg 1024w, http:\/\/fahr-laessig.net\/wp-content\/uploads\/2020\/04\/MG_2882-300x200.jpg 300w, http:\/\/fahr-laessig.net\/wp-content\/uploads\/2020\/04\/MG_2882-768x512.jpg 768w, http:\/\/fahr-laessig.net\/wp-content\/uploads\/2020\/04\/MG_2882-600x400.jpg 600w, http:\/\/fahr-laessig.net\/wp-content\/uploads\/2020\/04\/MG_2882-460x307.jpg 460w, http:\/\/fahr-laessig.net\/wp-content\/uploads\/2020\/04\/MG_2882-688x459.jpg 688w, http:\/\/fahr-laessig.net\/wp-content\/uploads\/2020\/04\/MG_2882.jpg 1200w\" sizes=\"(max-width: 1024px) 100vw, 1024px\" \/><\/a><\/figure><\/li><li class=\"blocks-gallery-item\"><figure><a href=\"http:\/\/fahr-laessig.net\/wp-content\/uploads\/2020\/04\/MG_2866.jpg\"><img decoding=\"async\" loading=\"lazy\" width=\"1024\" height=\"683\" src=\"http:\/\/fahr-laessig.net\/wp-content\/uploads\/2020\/04\/MG_2866-1024x683.jpg\" alt=\"\" data-id=\"1145\" data-full-url=\"http:\/\/fahr-laessig.net\/wp-content\/uploads\/2020\/04\/MG_2866.jpg\" data-link=\"http:\/\/fahr-laessig.net\/?attachment_id=1145\" class=\"wp-image-1145\" srcset=\"http:\/\/fahr-laessig.net\/wp-content\/uploads\/2020\/04\/MG_2866-1024x683.jpg 1024w, http:\/\/fahr-laessig.net\/wp-content\/uploads\/2020\/04\/MG_2866-300x200.jpg 300w, http:\/\/fahr-laessig.net\/wp-content\/uploads\/2020\/04\/MG_2866-768x512.jpg 768w, http:\/\/fahr-laessig.net\/wp-content\/uploads\/2020\/04\/MG_2866-600x400.jpg 600w, http:\/\/fahr-laessig.net\/wp-content\/uploads\/2020\/04\/MG_2866-460x307.jpg 460w, http:\/\/fahr-laessig.net\/wp-content\/uploads\/2020\/04\/MG_2866-688x459.jpg 688w, http:\/\/fahr-laessig.net\/wp-content\/uploads\/2020\/04\/MG_2866.jpg 1200w\" sizes=\"(max-width: 1024px) 100vw, 1024px\" \/><\/a><\/figure><\/li><li class=\"blocks-gallery-item\"><figure><a href=\"http:\/\/fahr-laessig.net\/wp-content\/uploads\/2020\/04\/IMG_2773.jpg\"><img decoding=\"async\" loading=\"lazy\" width=\"1024\" height=\"683\" src=\"http:\/\/fahr-laessig.net\/wp-content\/uploads\/2020\/04\/IMG_2773-1024x683.jpg\" alt=\"\" data-id=\"1146\" data-full-url=\"http:\/\/fahr-laessig.net\/wp-content\/uploads\/2020\/04\/IMG_2773.jpg\" data-link=\"http:\/\/fahr-laessig.net\/?attachment_id=1146\" class=\"wp-image-1146\" srcset=\"http:\/\/fahr-laessig.net\/wp-content\/uploads\/2020\/04\/IMG_2773-1024x683.jpg 1024w, http:\/\/fahr-laessig.net\/wp-content\/uploads\/2020\/04\/IMG_2773-300x200.jpg 300w, http:\/\/fahr-laessig.net\/wp-content\/uploads\/2020\/04\/IMG_2773-768x512.jpg 768w, http:\/\/fahr-laessig.net\/wp-content\/uploads\/2020\/04\/IMG_2773-600x400.jpg 600w, http:\/\/fahr-laessig.net\/wp-content\/uploads\/2020\/04\/IMG_2773-460x307.jpg 460w, http:\/\/fahr-laessig.net\/wp-content\/uploads\/2020\/04\/IMG_2773-688x459.jpg 688w, http:\/\/fahr-laessig.net\/wp-content\/uploads\/2020\/04\/IMG_2773.jpg 1200w\" sizes=\"(max-width: 1024px) 100vw, 1024px\" \/><\/a><\/figure><\/li><\/ul><\/figure>\n\n\n\n<p><strong>Tag 16, 17, 18 und 19<\/strong><\/p>\n\n\n\n<p>Im Westen nichts Neues. Einige &#8211; zumindest bei uns &#8211; relativ ereignislose Tage in der Botanik gehen zuende. Von strahlendem Sonnenschein bis hin zu Wind und Regen war wettertechnisch alles dabei. Unser Unterhaltungsprogramm hat sich dem angepasst, ein neues Spiel wird entwickelt, die Katze hardcorebespa\u00dft, Spazierg\u00e4nge mit ihr unternommen, ihr ein neuer gro\u00dfartiger Sitzplatz gebaut und fachm\u00e4nnisch mit Kabelbinder fixiert, Sternbilder analysiert, rum- und aufger\u00e4umt, die Haare geschnitten, R\u00fccken\u00fcbungen gemacht, wilder Ruccola gesammelt (und gegessen), Fotos geknipst, wir lesen und entspannen viel im und um den Bus&#8230; <br>Morgen werden wir uns mal gen Zivilisation aufmachen, aber nicht weit.  Wir wollen einkaufen fahren und dann k\u00f6nnen wir eventuell bei der netten ausgewanderten \u00d6sterreicherin im Garten stehen. Mal sehen, vielleicht gibt es dann Neuigkeiten \ud83d\ude09<\/p>\n\n\n\n<figure class=\"is-layout-flex wp-block-gallery-7 wp-block-gallery columns-3 is-cropped\"><ul class=\"blocks-gallery-grid\"><li class=\"blocks-gallery-item\"><figure><a href=\"http:\/\/fahr-laessig.net\/wp-content\/uploads\/2020\/04\/MG_2785-1024x683.jpg\"><img decoding=\"async\" loading=\"lazy\" width=\"1024\" height=\"683\" src=\"http:\/\/fahr-laessig.net\/wp-content\/uploads\/2020\/04\/MG_2785-1024x683.jpg\" alt=\"\" data-id=\"1118\" data-link=\"http:\/\/fahr-laessig.net\/?attachment_id=1118\" class=\"wp-image-1118\" srcset=\"http:\/\/fahr-laessig.net\/wp-content\/uploads\/2020\/04\/MG_2785-1024x683.jpg 1024w, http:\/\/fahr-laessig.net\/wp-content\/uploads\/2020\/04\/MG_2785-300x200.jpg 300w, http:\/\/fahr-laessig.net\/wp-content\/uploads\/2020\/04\/MG_2785-768x512.jpg 768w, http:\/\/fahr-laessig.net\/wp-content\/uploads\/2020\/04\/MG_2785-600x400.jpg 600w, http:\/\/fahr-laessig.net\/wp-content\/uploads\/2020\/04\/MG_2785-460x307.jpg 460w, http:\/\/fahr-laessig.net\/wp-content\/uploads\/2020\/04\/MG_2785-688x459.jpg 688w, http:\/\/fahr-laessig.net\/wp-content\/uploads\/2020\/04\/MG_2785.jpg 1200w\" sizes=\"(max-width: 1024px) 100vw, 1024px\" \/><\/a><\/figure><\/li><li class=\"blocks-gallery-item\"><figure><a href=\"http:\/\/fahr-laessig.net\/wp-content\/uploads\/2020\/04\/IMG_2732-1024x683.jpg\"><img decoding=\"async\" loading=\"lazy\" width=\"1024\" height=\"683\" src=\"http:\/\/fahr-laessig.net\/wp-content\/uploads\/2020\/04\/IMG_2732-1024x683.jpg\" alt=\"\" data-id=\"1119\" data-link=\"http:\/\/fahr-laessig.net\/?attachment_id=1119\" class=\"wp-image-1119\" srcset=\"http:\/\/fahr-laessig.net\/wp-content\/uploads\/2020\/04\/IMG_2732-1024x683.jpg 1024w, http:\/\/fahr-laessig.net\/wp-content\/uploads\/2020\/04\/IMG_2732-300x200.jpg 300w, http:\/\/fahr-laessig.net\/wp-content\/uploads\/2020\/04\/IMG_2732-768x512.jpg 768w, http:\/\/fahr-laessig.net\/wp-content\/uploads\/2020\/04\/IMG_2732-600x400.jpg 600w, http:\/\/fahr-laessig.net\/wp-content\/uploads\/2020\/04\/IMG_2732-460x307.jpg 460w, http:\/\/fahr-laessig.net\/wp-content\/uploads\/2020\/04\/IMG_2732-688x459.jpg 688w, http:\/\/fahr-laessig.net\/wp-content\/uploads\/2020\/04\/IMG_2732.jpg 1200w\" sizes=\"(max-width: 1024px) 100vw, 1024px\" \/><\/a><\/figure><\/li><li class=\"blocks-gallery-item\"><figure><a href=\"http:\/\/fahr-laessig.net\/wp-content\/uploads\/2020\/04\/MG_2820-1024x683.jpg\"><img decoding=\"async\" loading=\"lazy\" width=\"1024\" height=\"683\" src=\"http:\/\/fahr-laessig.net\/wp-content\/uploads\/2020\/04\/MG_2820-1024x683.jpg\" alt=\"\" data-id=\"1121\" data-link=\"http:\/\/fahr-laessig.net\/?attachment_id=1121\" class=\"wp-image-1121\" srcset=\"http:\/\/fahr-laessig.net\/wp-content\/uploads\/2020\/04\/MG_2820-1024x683.jpg 1024w, http:\/\/fahr-laessig.net\/wp-content\/uploads\/2020\/04\/MG_2820-300x200.jpg 300w, http:\/\/fahr-laessig.net\/wp-content\/uploads\/2020\/04\/MG_2820-768x512.jpg 768w, http:\/\/fahr-laessig.net\/wp-content\/uploads\/2020\/04\/MG_2820-600x400.jpg 600w, http:\/\/fahr-laessig.net\/wp-content\/uploads\/2020\/04\/MG_2820-460x307.jpg 460w, http:\/\/fahr-laessig.net\/wp-content\/uploads\/2020\/04\/MG_2820-688x459.jpg 688w, http:\/\/fahr-laessig.net\/wp-content\/uploads\/2020\/04\/MG_2820.jpg 1200w\" sizes=\"(max-width: 1024px) 100vw, 1024px\" \/><\/a><\/figure><\/li><li class=\"blocks-gallery-item\"><figure><a href=\"http:\/\/fahr-laessig.net\/wp-content\/uploads\/2020\/04\/IMG_2746-1.jpg\"><img decoding=\"async\" loading=\"lazy\" width=\"1024\" height=\"683\" src=\"http:\/\/fahr-laessig.net\/wp-content\/uploads\/2020\/04\/IMG_2746-1-1024x683.jpg\" alt=\"\" data-id=\"1122\" data-full-url=\"http:\/\/fahr-laessig.net\/wp-content\/uploads\/2020\/04\/IMG_2746-1.jpg\" data-link=\"http:\/\/fahr-laessig.net\/?attachment_id=1122\" class=\"wp-image-1122\" srcset=\"http:\/\/fahr-laessig.net\/wp-content\/uploads\/2020\/04\/IMG_2746-1-1024x683.jpg 1024w, http:\/\/fahr-laessig.net\/wp-content\/uploads\/2020\/04\/IMG_2746-1-300x200.jpg 300w, http:\/\/fahr-laessig.net\/wp-content\/uploads\/2020\/04\/IMG_2746-1-768x512.jpg 768w, http:\/\/fahr-laessig.net\/wp-content\/uploads\/2020\/04\/IMG_2746-1-600x400.jpg 600w, http:\/\/fahr-laessig.net\/wp-content\/uploads\/2020\/04\/IMG_2746-1-460x307.jpg 460w, http:\/\/fahr-laessig.net\/wp-content\/uploads\/2020\/04\/IMG_2746-1-688x459.jpg 688w, http:\/\/fahr-laessig.net\/wp-content\/uploads\/2020\/04\/IMG_2746-1.jpg 1200w\" sizes=\"(max-width: 1024px) 100vw, 1024px\" \/><\/a><\/figure><\/li><\/ul><\/figure>\n\n\n\n<p><strong>Tag 13, 14 und 15<\/strong><\/p>\n\n\n\n<p>Eigentlich h\u00e4tten wir ja jetzt Zeit, aber ich habe mich jetzt 2 Tage einem L\u00f6ffel gewidmet. Hier stehen alte und teilweise tote Olivenb\u00e4ume. Mit einer S\u00e4ge bewaffnet habe ich mir ein St\u00fcck abges\u00e4gt und mit einem einfachen Taschenmesser ging es los. Nachdem ich ihn noch geschliffen habe und wir ihn mit Oliven\u00f6l eingerieben haben, kam die Maserung voll zur Geltung. Ein tolles Holz! Naja, so geht der Tag halt dahin, wahrscheinlich war es in der Steinzeit im Winter so \u00e4hnlich. Au\u00dferdem zieht seit vorgestern eine Herde Schafe und Ziegen durch das Tal. Wir haben gelernt, wie ein Wiedehopf aussieht und auch sinnvolle Dinge getan, gewaschen &#8211; uns, die W\u00e4sche, das Geschirr. Die Polizei war auch noch einmal hier und hat uns sehr freundlich gefragt, wie&#8217;s uns geht und ob wir genug zu essen haben, au\u00dferdem hat sie uns darauf hingewiesen, dass wir stehen bleiben k\u00f6nnen, solange die Vorr\u00e4te reichen. Wenn wir einkaufen fahren, m\u00fcssen wir uns einen neuen Platz dort in der N\u00e4he suchen, da man hier momentan nicht ohne triftigen Grund herumfahren darf. Eventuell haben wir aber eine bessere Alternative. Wir haben gestern eine \u00d6sterreicherin kennengelernt, die in La Eremita, dem n\u00e4chsten klitzekleinen Dorf, wohnt und dort normalerweise Ferienh\u00e4user\/-wohnungen vermietet. Sie hat uns angeboten, dass wir uns auf ihren Grund stellen d\u00fcrfen. Mal sehen, ob wir das machen&#8230; Der Kater hat endeckt, dass er auch aufs Auto kraxeln kann, juhu ein neuer Katzenspielplatz;) <\/p>\n\n\n\n<figure class=\"is-layout-flex wp-block-gallery-9 wp-block-gallery columns-2 is-cropped\"><ul class=\"blocks-gallery-grid\"><li class=\"blocks-gallery-item\"><figure><a href=\"http:\/\/fahr-laessig.net\/wp-content\/uploads\/2020\/03\/MG_2766.jpg\"><img decoding=\"async\" loading=\"lazy\" width=\"1024\" height=\"683\" src=\"http:\/\/fahr-laessig.net\/wp-content\/uploads\/2020\/03\/MG_2766-1024x683.jpg\" alt=\"\" data-id=\"1107\" data-full-url=\"http:\/\/fahr-laessig.net\/wp-content\/uploads\/2020\/03\/MG_2766.jpg\" data-link=\"http:\/\/fahr-laessig.net\/?attachment_id=1107\" class=\"wp-image-1107\" srcset=\"http:\/\/fahr-laessig.net\/wp-content\/uploads\/2020\/03\/MG_2766-1024x683.jpg 1024w, http:\/\/fahr-laessig.net\/wp-content\/uploads\/2020\/03\/MG_2766-300x200.jpg 300w, http:\/\/fahr-laessig.net\/wp-content\/uploads\/2020\/03\/MG_2766-768x512.jpg 768w, http:\/\/fahr-laessig.net\/wp-content\/uploads\/2020\/03\/MG_2766-600x400.jpg 600w, http:\/\/fahr-laessig.net\/wp-content\/uploads\/2020\/03\/MG_2766-460x307.jpg 460w, http:\/\/fahr-laessig.net\/wp-content\/uploads\/2020\/03\/MG_2766-688x459.jpg 688w, http:\/\/fahr-laessig.net\/wp-content\/uploads\/2020\/03\/MG_2766.jpg 1200w\" sizes=\"(max-width: 1024px) 100vw, 1024px\" \/><\/a><\/figure><\/li><li class=\"blocks-gallery-item\"><figure><a href=\"http:\/\/fahr-laessig.net\/wp-content\/uploads\/2020\/03\/MG_2745.jpg\"><img decoding=\"async\" loading=\"lazy\" width=\"1024\" height=\"683\" src=\"http:\/\/fahr-laessig.net\/wp-content\/uploads\/2020\/03\/MG_2745-1024x683.jpg\" alt=\"\" data-id=\"1108\" data-full-url=\"http:\/\/fahr-laessig.net\/wp-content\/uploads\/2020\/03\/MG_2745.jpg\" data-link=\"http:\/\/fahr-laessig.net\/?attachment_id=1108\" class=\"wp-image-1108\" srcset=\"http:\/\/fahr-laessig.net\/wp-content\/uploads\/2020\/03\/MG_2745-1024x683.jpg 1024w, http:\/\/fahr-laessig.net\/wp-content\/uploads\/2020\/03\/MG_2745-300x200.jpg 300w, http:\/\/fahr-laessig.net\/wp-content\/uploads\/2020\/03\/MG_2745-768x512.jpg 768w, http:\/\/fahr-laessig.net\/wp-content\/uploads\/2020\/03\/MG_2745-600x400.jpg 600w, http:\/\/fahr-laessig.net\/wp-content\/uploads\/2020\/03\/MG_2745-460x307.jpg 460w, http:\/\/fahr-laessig.net\/wp-content\/uploads\/2020\/03\/MG_2745-688x459.jpg 688w, http:\/\/fahr-laessig.net\/wp-content\/uploads\/2020\/03\/MG_2745.jpg 1200w\" sizes=\"(max-width: 1024px) 100vw, 1024px\" \/><\/a><\/figure><\/li><li class=\"blocks-gallery-item\"><figure><a href=\"http:\/\/fahr-laessig.net\/wp-content\/uploads\/2020\/03\/IMG_2724.jpg\"><img decoding=\"async\" loading=\"lazy\" width=\"1024\" height=\"683\" src=\"http:\/\/fahr-laessig.net\/wp-content\/uploads\/2020\/03\/IMG_2724-1024x683.jpg\" alt=\"\" data-id=\"1109\" data-full-url=\"http:\/\/fahr-laessig.net\/wp-content\/uploads\/2020\/03\/IMG_2724.jpg\" data-link=\"http:\/\/fahr-laessig.net\/?attachment_id=1109\" class=\"wp-image-1109\" srcset=\"http:\/\/fahr-laessig.net\/wp-content\/uploads\/2020\/03\/IMG_2724-1024x683.jpg 1024w, http:\/\/fahr-laessig.net\/wp-content\/uploads\/2020\/03\/IMG_2724-300x200.jpg 300w, http:\/\/fahr-laessig.net\/wp-content\/uploads\/2020\/03\/IMG_2724-768x512.jpg 768w, http:\/\/fahr-laessig.net\/wp-content\/uploads\/2020\/03\/IMG_2724-600x400.jpg 600w, http:\/\/fahr-laessig.net\/wp-content\/uploads\/2020\/03\/IMG_2724-460x307.jpg 460w, http:\/\/fahr-laessig.net\/wp-content\/uploads\/2020\/03\/IMG_2724-688x459.jpg 688w, http:\/\/fahr-laessig.net\/wp-content\/uploads\/2020\/03\/IMG_2724.jpg 1200w\" sizes=\"(max-width: 1024px) 100vw, 1024px\" \/><\/a><\/figure><\/li><\/ul><\/figure>\n\n\n\n<p><strong>Tag 11 und Tag 12<\/strong><\/p>\n\n\n\n<p>Zwei Wochen ohne Campingplatz sind kein Problem f\u00fcr uns. Seit heute m\u00fcssen sowieso alle Urlauber jegliche Touristenunterk\u00fcnfte verlassen, was uns nat\u00fcrlich auch noch bl\u00fchen kann, wobei unsere Unterkunft ja sowieso in einer rechtlichen Grauzone liegt. Neben dem gro\u00dfen Ganzen haben wir die Tage f\u00fcr verschiedene Dinge verwendet, die auch mal sein m\u00fcssen. Das gefilterte Regenwasser wurde f\u00fcr einen kleinen Waschtag verwendet und die n\u00e4here Umgebung gilt nun als erkundet. Es gibt hier Hirtenpfade, welche auf die gut 200 Meter hohen Klippen f\u00fchren und eine gro\u00dfartige Aussicht zulassen. Dort oben wachsen die f\u00fcr die Region typischen robusten Gr\u00e4ser, welche fr\u00fcher einen Erwerbszweig der Landbev\u00f6lkerung ergaben. Rosmarin wuchert an den H\u00e4ngen und einige Spalten und Fels\u00fcberh\u00e4nge dienen wohl noch heute teilweise als Schlafgelegenheit. Unsere Nachbarn sind laut, haben Warzen und es gibt viele Davon. Nein wir reden nicht von Zuhause, hier bev\u00f6lkern Kr\u00f6ten ein nahegelegenes Feuchtbiotop. <\/p>\n\n\n\n<figure class=\"is-layout-flex wp-block-gallery-11 wp-block-gallery columns-2 is-cropped\"><ul class=\"blocks-gallery-grid\"><li class=\"blocks-gallery-item\"><figure><a href=\"http:\/\/fahr-laessig.net\/wp-content\/uploads\/2020\/03\/IMG_2418-1024x683.jpg\"><img decoding=\"async\" loading=\"lazy\" width=\"1024\" height=\"683\" src=\"http:\/\/fahr-laessig.net\/wp-content\/uploads\/2020\/03\/IMG_2418-1024x683.jpg\" alt=\"\" data-id=\"1098\" data-link=\"http:\/\/fahr-laessig.net\/?attachment_id=1098\" class=\"wp-image-1098\" srcset=\"http:\/\/fahr-laessig.net\/wp-content\/uploads\/2020\/03\/IMG_2418-1024x683.jpg 1024w, http:\/\/fahr-laessig.net\/wp-content\/uploads\/2020\/03\/IMG_2418-300x200.jpg 300w, http:\/\/fahr-laessig.net\/wp-content\/uploads\/2020\/03\/IMG_2418-768x512.jpg 768w, http:\/\/fahr-laessig.net\/wp-content\/uploads\/2020\/03\/IMG_2418-600x400.jpg 600w, http:\/\/fahr-laessig.net\/wp-content\/uploads\/2020\/03\/IMG_2418-460x307.jpg 460w, http:\/\/fahr-laessig.net\/wp-content\/uploads\/2020\/03\/IMG_2418-688x459.jpg 688w, http:\/\/fahr-laessig.net\/wp-content\/uploads\/2020\/03\/IMG_2418.jpg 1200w\" sizes=\"(max-width: 1024px) 100vw, 1024px\" \/><\/a><\/figure><\/li><li class=\"blocks-gallery-item\"><figure><a href=\"http:\/\/fahr-laessig.net\/wp-content\/uploads\/2020\/03\/MG_2707-1024x683.jpg\"><img decoding=\"async\" loading=\"lazy\" width=\"1024\" height=\"683\" src=\"http:\/\/fahr-laessig.net\/wp-content\/uploads\/2020\/03\/MG_2707-1024x683.jpg\" alt=\"\" data-id=\"1099\" data-link=\"http:\/\/fahr-laessig.net\/?attachment_id=1099\" class=\"wp-image-1099\" srcset=\"http:\/\/fahr-laessig.net\/wp-content\/uploads\/2020\/03\/MG_2707-1024x683.jpg 1024w, http:\/\/fahr-laessig.net\/wp-content\/uploads\/2020\/03\/MG_2707-300x200.jpg 300w, http:\/\/fahr-laessig.net\/wp-content\/uploads\/2020\/03\/MG_2707-768x512.jpg 768w, http:\/\/fahr-laessig.net\/wp-content\/uploads\/2020\/03\/MG_2707-600x400.jpg 600w, http:\/\/fahr-laessig.net\/wp-content\/uploads\/2020\/03\/MG_2707-460x307.jpg 460w, http:\/\/fahr-laessig.net\/wp-content\/uploads\/2020\/03\/MG_2707-688x459.jpg 688w, http:\/\/fahr-laessig.net\/wp-content\/uploads\/2020\/03\/MG_2707.jpg 1200w\" sizes=\"(max-width: 1024px) 100vw, 1024px\" \/><\/a><\/figure><\/li><li class=\"blocks-gallery-item\"><figure><a href=\"http:\/\/fahr-laessig.net\/wp-content\/uploads\/2020\/03\/pano_Cabo_Gata.jpg\"><img decoding=\"async\" loading=\"lazy\" width=\"1024\" height=\"733\" src=\"http:\/\/fahr-laessig.net\/wp-content\/uploads\/2020\/03\/pano_Cabo_Gata-1024x733.jpg\" alt=\"\" data-id=\"1103\" data-full-url=\"http:\/\/fahr-laessig.net\/wp-content\/uploads\/2020\/03\/pano_Cabo_Gata.jpg\" data-link=\"http:\/\/fahr-laessig.net\/?attachment_id=1103\" class=\"wp-image-1103\" srcset=\"http:\/\/fahr-laessig.net\/wp-content\/uploads\/2020\/03\/pano_Cabo_Gata-1024x733.jpg 1024w, http:\/\/fahr-laessig.net\/wp-content\/uploads\/2020\/03\/pano_Cabo_Gata-300x215.jpg 300w, http:\/\/fahr-laessig.net\/wp-content\/uploads\/2020\/03\/pano_Cabo_Gata-768x550.jpg 768w, http:\/\/fahr-laessig.net\/wp-content\/uploads\/2020\/03\/pano_Cabo_Gata-460x329.jpg 460w, http:\/\/fahr-laessig.net\/wp-content\/uploads\/2020\/03\/pano_Cabo_Gata-688x493.jpg 688w, http:\/\/fahr-laessig.net\/wp-content\/uploads\/2020\/03\/pano_Cabo_Gata.jpg 1117w\" sizes=\"(max-width: 1024px) 100vw, 1024px\" \/><\/a><\/figure><\/li><\/ul><\/figure>\n\n\n\n<p><strong>Tag 10<\/strong><\/p>\n\n\n\n<p>Unser Kater will nicht raus. Es regnet in Str\u00f6men, der Feldweg hat sich zu Teilen in einen Rinnsal verwandelt und eindrucksvoll grollen ein paar Gewitter \u00fcber uns. Manche Sturmb\u00f6e wirbelt die Olivenzweige unserer Hecke ordentlich durcheinander, immerhin am sp\u00e4teren Nachmittag flaut das Wetter ein wenig ab. Da hei\u00dft es, gem\u00fctlich abwarten und essen. Unsere Versuche Regenwasser zu sammeln sind auch von gro\u00dfem Erfolg gekr\u00f6nt. Alle Wannen und Eimer sind voll, eventuell k\u00f6nnen wir bald eine M\u00fcckenzucht aufmachen. Morgen soll wieder die Sonne rauskommen, mal sehen ob die Vorhersage richtig sein wird. Da wir seit ungef\u00e4hr 3 Monaten keinen solchen Regen mehr hatten, war das f\u00fcr uns heute auch nicht sonderlich schlimm den Tag im Bus zu verbringen. Spannend allemal, da die Region hier nicht sonderlich f\u00fcr ihren Wasserreichtum bekannt ist. Nur gut 50 Kilometer entfernt, befindet sich schlie\u00dflich die W\u00fcste von Tabernas.<\/p>\n\n\n\n<p><strong>Tag 8 und 9<\/strong><\/p>\n\n\n\n<p>Unsere Zeit am Cabo de Gata ist zu Ende. Naja, zumindest ein bisschen. Gestern abend kam eine Gruppe junger Festivalbesucher, denen ihr Spektakel abgesagt wurde. Leider brachten sie im Schlepptau die Polizei mit, die schlie\u00dflich auch uns belehrte, \u00dcbernachten im Nationalpark ist nicht erlaubt. Das wussten wir nat\u00fcrlich. Ihre Empfehlung: fahrt in die Stadt und stellt euch da auf einen Parkplatz. In Zeiten von Viren eigentlich keine gute Idee, aber wahrscheinlich wollten sie einfach wieder Ruhe in ihr Zust\u00e4ndigkeitsgebiet bringen. Nun ja, so ging es dann heute nochmal einkaufen. Die Spanier wirken nun auch angespannter, alle Verk\u00e4ufer tragen Mundschutz, bleiben jedoch freundlich. Das Warenangebot war wieder randvoll gef\u00fcllt. Sogar kleine Fl\u00e4schchen mit Desinfektionsmittel gab es zu kaufen. Da wir jedoch aus dem Altenpflegebereich einen halben Liter Desinfektionsmittel seit Oktober herumfahren, mussten wir diese Gelegenheit nicht nutzen. Vor dem Laden spielte noch ein Stra\u00dfenmusiker, den allerdings unsere Polizeistreife schlie\u00dflich vertrieb. Unser Plan war, ein wenig Abstand zu San Jos\u00e9 zu gewinnen, wiederum einen ruhigen, abgeschiedenen Platz zu finden, weshalb wir uns an eine Empfehlung eines befreundeten Campers hielten. Wir fuhren ungef\u00e4hr 20 Kilometer gen Norden die K\u00fcste entlang und bogen schlie\u00dflich von der Stra\u00dfe ab. Was dann folgte war weniger ein Weg. Mit einem Offroadfahrzeug h\u00e4tte die Strecke sicherlich Freude bereitet. Wir waren etwas angespannt auf einem Wanderweg, der zwischen Flussbett und Feldweg angesiedelt ist zu fahren. Immerhin, es wurde einsamer und einsamer. Schlie\u00dflich Sackgasse, unser Auto parkt nun hinter einer Olivenbaumhecke und ist schwer einsehbar. Trotzdem, wie es der Teufel will, abermals die Polizei. Diesmal kamen sie aber nicht wegen uns, sie inspizierten irgendeine Wasserversorgung in der N\u00e4he und entdeckten uns per Zufall. Das Beste daran war jedoch die Aussage des Ordnungsh\u00fcters. Don&#8217;t move. Stay here. Perfekt, etwas anderes wollten wir eh nicht. Wahrscheinlich sind wir die ersten, die in einem Nationalpark aufgefordert worden sind, abseits der Wege zu campieren. Jetzt quaken hier die Fr\u00f6sche, man h\u00f6rt das Meeresrauschen und den Wind in den Palmen. Morgen wird es wieder Regen geben, weshalb wir eine provisorische Zisterne errichtet haben. Wir haben jetzt zwar fast 100 Liter Trinkwasser, aber es schadet ja nicht, noch ein wenig mehr zu sammeln.<\/p>\n\n\n\n<figure class=\"is-layout-flex wp-block-gallery-13 wp-block-gallery columns-2 is-cropped\"><ul class=\"blocks-gallery-grid\"><li class=\"blocks-gallery-item\"><figure><a href=\"http:\/\/fahr-laessig.net\/wp-content\/uploads\/2020\/03\/IMG_2343.jpg\"><img decoding=\"async\" loading=\"lazy\" width=\"1024\" height=\"683\" src=\"http:\/\/fahr-laessig.net\/wp-content\/uploads\/2020\/03\/IMG_2343-1024x683.jpg\" alt=\"\" data-id=\"1091\" data-full-url=\"http:\/\/fahr-laessig.net\/wp-content\/uploads\/2020\/03\/IMG_2343.jpg\" data-link=\"http:\/\/fahr-laessig.net\/?attachment_id=1091\" class=\"wp-image-1091\" srcset=\"http:\/\/fahr-laessig.net\/wp-content\/uploads\/2020\/03\/IMG_2343-1024x683.jpg 1024w, http:\/\/fahr-laessig.net\/wp-content\/uploads\/2020\/03\/IMG_2343-300x200.jpg 300w, http:\/\/fahr-laessig.net\/wp-content\/uploads\/2020\/03\/IMG_2343-768x512.jpg 768w, http:\/\/fahr-laessig.net\/wp-content\/uploads\/2020\/03\/IMG_2343-600x400.jpg 600w, http:\/\/fahr-laessig.net\/wp-content\/uploads\/2020\/03\/IMG_2343-460x307.jpg 460w, http:\/\/fahr-laessig.net\/wp-content\/uploads\/2020\/03\/IMG_2343-688x459.jpg 688w, http:\/\/fahr-laessig.net\/wp-content\/uploads\/2020\/03\/IMG_2343.jpg 1200w\" sizes=\"(max-width: 1024px) 100vw, 1024px\" \/><\/a><\/figure><\/li><li class=\"blocks-gallery-item\"><figure><a href=\"http:\/\/fahr-laessig.net\/wp-content\/uploads\/2020\/03\/IMG_2355.jpg\"><img decoding=\"async\" loading=\"lazy\" width=\"1024\" height=\"683\" src=\"http:\/\/fahr-laessig.net\/wp-content\/uploads\/2020\/03\/IMG_2355-1024x683.jpg\" alt=\"\" data-id=\"1092\" data-full-url=\"http:\/\/fahr-laessig.net\/wp-content\/uploads\/2020\/03\/IMG_2355.jpg\" data-link=\"http:\/\/fahr-laessig.net\/?attachment_id=1092\" class=\"wp-image-1092\" srcset=\"http:\/\/fahr-laessig.net\/wp-content\/uploads\/2020\/03\/IMG_2355-1024x683.jpg 1024w, http:\/\/fahr-laessig.net\/wp-content\/uploads\/2020\/03\/IMG_2355-300x200.jpg 300w, http:\/\/fahr-laessig.net\/wp-content\/uploads\/2020\/03\/IMG_2355-768x512.jpg 768w, http:\/\/fahr-laessig.net\/wp-content\/uploads\/2020\/03\/IMG_2355-600x400.jpg 600w, http:\/\/fahr-laessig.net\/wp-content\/uploads\/2020\/03\/IMG_2355-460x307.jpg 460w, http:\/\/fahr-laessig.net\/wp-content\/uploads\/2020\/03\/IMG_2355-688x459.jpg 688w, http:\/\/fahr-laessig.net\/wp-content\/uploads\/2020\/03\/IMG_2355.jpg 1200w\" sizes=\"(max-width: 1024px) 100vw, 1024px\" \/><\/a><\/figure><\/li><\/ul><\/figure>\n\n\n\n<p><strong>Tag 6 und 7<\/strong><\/p>\n\n\n\n<p>Zwei relativ ereignislose Tage liegen hinter uns. Das Wetter hat sich Ausgangssperrefreundlich gestaltet und bis heute nachmittag auf Regen umgestellt. Wir haben voll auf Survivalmodus gleich mal eine Zisterne gebaut und als das Wetter heute nachmittag pl\u00f6tzlich wieder gro\u00dfartig und sonnig wurde, haben wir das warme Regenwasser gleich zum Duschen und Haarewaschen genutzt. Jetzt sind wir wieder vorzeigbar. Die Polizei, die heute seit langem das erste Mal wieder vorbeikam, hat das aber wenig interessiert. Unseren Nachbarn haben sie gesagt, dass sie schon bleiben k\u00f6nnen, aber sich \u00fcberlegen sollen, ob sie nicht nach Deutschland zur\u00fcckfahren wollen. Das klingt immerhin mal nicht nach einem sofortigen Rausschmiss. Laut den deutschen Zeitungen schlie\u00dfen die Campingpl\u00e4tze in Spanien, wovon der spanische Nachbar jedoch nichts wusste. Wir sind hier recht Menschenkontaktlos und wenn man mit anderen spricht dann drau\u00dfen und mit geb\u00fchrendem Abstand. Noch wird uns zwei nicht langweilig, der Kater unterh\u00e4lt einen drau\u00dfen wie drinnen und wir haben ja den ganzen Bus voll Spiele und kommen jetzt auch mal dazu zu zocken.<\/p>\n\n\n\n<p><strong>Tag 5<\/strong><\/p>\n\n\n\n<p>Der Sturm hat ein wenig nachgelassen, was wohl auch der Segler zur Weiterfahrt genutzt hat, aber die Wellen sind trotzdem noch relativ stark. Wir haben heute nicht viel vor. Spazierengehen, die Brise genie\u00dfen. Wenngleich man bei jeder Zeitungsmeldung wieder in die Realit\u00e4t zur\u00fcckgeholt wird. Hier und in unserer Situation erscheint die Krise aber ziemlich weit weg. Der Ziegenhirte mit seiner Herde kommt zur\u00fcck. Sein Hund wird von den Hinterlassenschaften einiger Camper angelockt, deren M\u00fcll er n\u00e4her inspiziert. Schlie\u00dflich kommt ein anderer Camper auf den Parkplatz, baut sein Windsurfbrett zusammen und geht in die Wellen. Die Polizeiabsperrung interessiert ihn da wenig. Ich bin einige Zeit sp\u00e4ter nicht besser. Packe eine Flasche ein und gehe Salzwasser holen. Zum Absp\u00fclen und Kochen l\u00e4sst sich das wunderbar verwenden und so sparen wir Trinkwasser. Ich nehme auch ein kurzes Bad am Meer, bin aber vorsichtig. Man merkt, dass bei dem Wetter die Brandung einen starken Sog hat. Zum Schwimmen lebensgef\u00e4hrlich, weshalb ich nur bis zu den Kn\u00f6cheln ins Wasser gehe und mit der Flasche das Wasser \u00fcber mich sch\u00fctte. Sp\u00e4ter wird noch mit S\u00fc\u00dfwasser geduscht. Unser Solarsack hat trotz diesigem Wetter warmes Wasser gemacht. Mit 3 Litern und einer Waschsch\u00fcssel ist zumindest die Sauberkeit wieder hergestellt.<\/p>\n\n\n\n<p><strong>Tag 4<\/strong><\/p>\n\n\n\n<p>Die Nacht war st\u00fcrmisch. Laut Wetterbericht gab es B\u00f6en bis zu 60 Stundenkilometern, was unserem Kater nicht so gut gefiel. Wir stehen aber trotz Wassern\u00e4he an einem relativ guten Platz und sind Wind am Meer ja mittlerweile gewohnt. \u00c4rger hat es da den Segler getroffen. Warum er eine Bucht gew\u00e4hlt hat, die vom Wind aus gesehen frontal getroffen wird, bleibt uns ein R\u00e4tsel. Er ankert jedenfalls immer noch und erlebt seit \u00fcber 24 Stunden eine kleine Achterbahn. Wir haben auch vorerst nicht vor, uns hier wegzubewegen. Gerade versinkt Europa im Chaos. R\u00fcckreisestaus, Einreisestopps, Luftbr\u00fccken werden geschaffen. Panik allerorten, die auch zu uns dringt. Nat\u00fcrlich machen wir uns Gedanken, ob wir die Heimreise antreten sollen. Eventuell k\u00f6nnen offizielle Stellen die Lage klarer einordnen. Ein kurzer Anruf bei einem Honorarkonsul erbringt nichts. Die Leitung ist besetzt. Eine Webseite f\u00fcr Deutsche im Ausland, wo man sich auf einer Liste eintragen kann, nicht erreichbar. Unser Urteil \u00fcber unsere Situation ist jedoch nach wie vor positiv. Kein Menschenkontakt, Abgeschiedenheit. Wenn uns die Polizei hier loswerden m\u00f6chte, w\u00e4re sie sicherlich aufgetaucht. Heute hat sich jedoch niemand blicken lassen. Wahrscheinlich halten es die Beh\u00f6rden f\u00fcr unwahrscheinlich, dass bei dem eher st\u00fcrmischen Wetter jemand die Ausgangssperre am Strand verletzt. Es w\u00e4re trotzdem sch\u00f6n, wenn die Sonne mal wieder rausk\u00e4me. Da duscht es sich draussen leichter, was zumindest f\u00fcr die nahe Zukunft eine der notwendigeren T\u00e4tigkeiten w\u00e4re.<\/p>\n\n\n\n<p><strong>Tag 3<\/strong><\/p>\n\n\n\n<p>Bereits morgens umrundet uns ein Polizeiauto, l\u00e4sst uns aber weiter stehen. Schlie\u00dflich starten wir in den Tag und fahren mit einer Mischung aus Neugier und Spannung die Landstra\u00dfe nach San Jos\u00e9. Da laufen Menschen, Autos fahren auch. Zumindest ein paar, wobei die Siedlung auch unter normalen Umst\u00e4nden relativ ausgestorben w\u00e4re, da sich einfach wenige Touristen im M\u00e4rz in dieser Region aufhalten. Beim Rumfahren erblicken wir ein paar ge\u00f6ffnete Gesch\u00e4fte, eine Gruppe Raucher hat sich zum Plausch an der Ecke getroffen. Die Spielpl\u00e4tze wurden mit Flatterband gesperrt. Im Laden angekommen sieht alles relativ normal aus. Die Regale sind voll, man erh\u00e4lt alles. Nudeln, Klopapier, Seife. Da biegt ein anderer Kunde um die Ecke. Mit seiner Gasmaske sieht er ein wenig apokalyptisch aus. Auch die Kassiererin hat Mundschutz. Der n\u00e4chste Kunde normal. Wir decken uns ein, haben gen\u00fcgend Vorr\u00e4te und insbesondere wieder gen\u00fcgend Trinkwasser. Wir beschlie\u00dfen zur\u00fcckzufahren, allerdings eine Bucht n\u00e4her an die Siedlung heran, da das Wetter heute Nacht leicht st\u00fcrmisch wird und wir auf dem dortigen Platz ein wenig gesch\u00fctzter stehen k\u00f6nnen. Als wir ankommen steht dort ein anderes Wohnmobil vom Typ &#8222;Expeditionstruck&#8220;. Au\u00dferdem ankert in der Bucht ein Segler. Nachbarn sind nie verkehrt. Im Feld nebenan r\u00fchrt sich etwas. Eine Ziege mit einem Neugeborenen. Die Herde ist zun\u00e4chst nicht zu sehen. Schon vor einigen Tagen haben wir hier in der Gegend einen Ziegenhirten beobachtet, der mit seiner Herde \u00fcber die Kegelberge vulkanischen Ursprungs wanderte. Wir beobachten die Situation, schlie\u00dflich kommt die Herde zur\u00fcck und das Junge wird z\u00fcgig integriert. Bald sind die Ziegen nur noch wei\u00dfe Kleckse in der Ferne. Der Tag endet wie er begann. Eine Streife Motoradpolizisten sieht kurz nach dem Rechten und f\u00e4hrt dann ins Gel\u00e4nde, ohne mit uns sprechen zu wollen. Wir sind wieder alleine und sehen auf das wippende Segelboot.<\/p>\n\n\n\n<figure class=\"is-layout-flex wp-block-gallery-15 wp-block-gallery columns-2 is-cropped\"><ul class=\"blocks-gallery-grid\"><li class=\"blocks-gallery-item\"><figure><a href=\"http:\/\/fahr-laessig.net\/wp-content\/uploads\/2020\/03\/MG_2691.jpg\"><img decoding=\"async\" loading=\"lazy\" width=\"1024\" height=\"683\" src=\"http:\/\/fahr-laessig.net\/wp-content\/uploads\/2020\/03\/MG_2691-1024x683.jpg\" alt=\"\" data-id=\"1081\" data-full-url=\"http:\/\/fahr-laessig.net\/wp-content\/uploads\/2020\/03\/MG_2691.jpg\" data-link=\"http:\/\/fahr-laessig.net\/?attachment_id=1081\" class=\"wp-image-1081\" srcset=\"http:\/\/fahr-laessig.net\/wp-content\/uploads\/2020\/03\/MG_2691-1024x683.jpg 1024w, http:\/\/fahr-laessig.net\/wp-content\/uploads\/2020\/03\/MG_2691-300x200.jpg 300w, http:\/\/fahr-laessig.net\/wp-content\/uploads\/2020\/03\/MG_2691-768x512.jpg 768w, http:\/\/fahr-laessig.net\/wp-content\/uploads\/2020\/03\/MG_2691-600x400.jpg 600w, http:\/\/fahr-laessig.net\/wp-content\/uploads\/2020\/03\/MG_2691-460x307.jpg 460w, http:\/\/fahr-laessig.net\/wp-content\/uploads\/2020\/03\/MG_2691-688x459.jpg 688w, http:\/\/fahr-laessig.net\/wp-content\/uploads\/2020\/03\/MG_2691.jpg 1200w\" sizes=\"(max-width: 1024px) 100vw, 1024px\" \/><\/a><\/figure><\/li><li class=\"blocks-gallery-item\"><figure><a href=\"http:\/\/fahr-laessig.net\/wp-content\/uploads\/2020\/03\/IMG_2692.jpg\"><img decoding=\"async\" loading=\"lazy\" width=\"1024\" height=\"683\" src=\"http:\/\/fahr-laessig.net\/wp-content\/uploads\/2020\/03\/IMG_2692-1024x683.jpg\" alt=\"\" data-id=\"1082\" data-full-url=\"http:\/\/fahr-laessig.net\/wp-content\/uploads\/2020\/03\/IMG_2692.jpg\" data-link=\"http:\/\/fahr-laessig.net\/?attachment_id=1082\" class=\"wp-image-1082\" srcset=\"http:\/\/fahr-laessig.net\/wp-content\/uploads\/2020\/03\/IMG_2692-1024x683.jpg 1024w, http:\/\/fahr-laessig.net\/wp-content\/uploads\/2020\/03\/IMG_2692-300x200.jpg 300w, http:\/\/fahr-laessig.net\/wp-content\/uploads\/2020\/03\/IMG_2692-768x512.jpg 768w, http:\/\/fahr-laessig.net\/wp-content\/uploads\/2020\/03\/IMG_2692-600x400.jpg 600w, http:\/\/fahr-laessig.net\/wp-content\/uploads\/2020\/03\/IMG_2692-460x307.jpg 460w, http:\/\/fahr-laessig.net\/wp-content\/uploads\/2020\/03\/IMG_2692-688x459.jpg 688w, http:\/\/fahr-laessig.net\/wp-content\/uploads\/2020\/03\/IMG_2692.jpg 1200w\" sizes=\"(max-width: 1024px) 100vw, 1024px\" \/><\/a><\/figure><\/li><\/ul><\/figure>\n\n\n\n<p><strong>Tag 2 <\/strong><\/p>\n\n\n\n<p>Es ist ruhig. Sehr ruhig. Das Meer rauscht, die V\u00f6gel schnattern im Wind und Wolke f\u00fcr Wolke zieht \u00fcber uns hinweg. Da, ganz vereinzelt fallen Regentropfen. Schnell- Klamotten runter, rein in die Dusche. Naja, es war nur eine kleine K\u00e4tzchenw\u00e4sche, aber S\u00fc\u00dfwasser ist kostbar. Den restlichen Tag verbringen wir mit sinnvollen Dingen. Da war schlie\u00dflich noch diese Hose mit dem Loch und die andere, gerissen beim Klettern. Schon seit Monaten wollten wir diese etwas in die Jahre gekommenen Kleidungsst\u00fccke flicken. Heute war so ein Tag, um Nadel und Faden zu holen und mit dem improvisierten Stopfei (Katzenspielzeug) ging es los. Pl\u00f6tzlich, Autol\u00e4rm. Tats\u00e4chlich, die Polizei. Sie fahren an uns vorbei, werden langsamer, bremsen, geben wieder Gas. Ok, jetzt wei\u00df wirklich jeder von den hier Zust\u00e4ndigen, dass wir hier sind. Angesprochen werden wir nicht, man l\u00e4sst uns in Ruhe. Der Rest des Tages verl\u00e4uft wieder ruhig. Unser Kater genie\u00dft es durch die Agaven zu jagen und im sandigen Boden zu buddeln. Nachdem wir noch mit Salzwasser abgesp\u00fclt haben, planen wir langsam den morgigen Tag. Wir werden versuchen mal einzukaufen. Nach wie vor ist unser Camper randvoll mit Nahrung, wir haben schon seit anbeginn der Reise gehamstert, wie wir feststellen. Pomeau aus der Bretagne, Polnisches Sauerkraut aus den Masuren und Sauerlacher Honig stellen gewisse Altbest\u00e4nde dar. Nur das mit dem Klopapier ist so eine Sache. Immerhin, hier gibt es Agaven und die bieten Sisal, fast schon perfekt, wenngleich es vielleicht nicht an das bunte Vierlagige heranreicht.<\/p>\n\n\n\n<p><strong>Tag 1 im Ausnahmezustand<\/strong> (16.03.2020)<\/p>\n\n\n\n<p>50 Liter Wasser, Proviant f\u00fcr 2 Wochen, Gas f\u00fcr 2 Monate. Unsere Ausgangslage am Tag 1 der Ausgangssperre in Spanien k\u00f6nnte schlechter sein. Unser Campingfahrzeug ist zwar nicht von der Stange, aber daf\u00fcr kennen wir jede Schraube und haben die Technik selbst eingebaut. Eventuell ein Vorteil, wenn man die Autarkie mal wirklich ben\u00f6tigt. Aktuell stehen wir auf einem verlassenen Parkplatz, 5 Kilometer von der n\u00e4chsten Siedlung entfernt an einem Kap und sogar wir haben in dieser eher abgeschiedenen Ecke Spaniens mittlerweile von der grassierenden Coronaepidemie etwas mitbekommen. Die Polizei und die Nationalparkverwaltung fuhr schon mehrfach an uns vorbei, hat sich jedoch bislang nicht mit uns besch\u00e4ftigt. Ihre bisherige Aufgabe war es wohl den Strand zu sperren. Hierzu wurden 5 Meter Absperrband und eine Rote Fahne installiert. In Spanien gilt nun immerhin Ausgangssperre. Praktisch bedeutet das, jeder darf sein Haus nur f\u00fcr sehr wichtige Dinge verlassen. Einkaufen, Tankstelle, Apotheke \u2013 mal in Kurzform. An den Strand gehen f\u00e4llt da nat\u00fcrlich nicht darunter, was sich jedoch heute zumindest ein paar Menschen trotzdem erlaubt haben. Wir stecken da ein wenig in einer Zwickm\u00fchle. Hier l\u00e4sst es sich einige Tage problemlos aushalten. Wir gehen niemanden auf die Nerven, haben keinerlei Kontakt zur Aussenwelt, wenn man mal das Internet au\u00dfen vor l\u00e4sst. F\u00fcr das \u00dcberstehen einer Krise, wo ein Virus die Hauptrolle spielt zumindest ein guter Flecken Erde. Andererseits, irgendwann m\u00fcssen auch wir wieder in die Zivilisation und Nahrung beschaffen oder irgendwie die Heimreise antreten. Auf Dauer hier fest zu h\u00e4ngen ist schlie\u00dflich auch keine L\u00f6sung, aber man kann zumindest mal gefahrlos die Lage beobachten. Wie hei\u00dft es schlie\u00dflich schon im &#8222;Handbuch f\u00fcr Anhalter durch die Galaxis&#8220;: Don&#8217;t Panic.<\/p>\n\n\n\n<figure class=\"wp-block-image size-large\"><img decoding=\"async\" loading=\"lazy\" width=\"1024\" height=\"683\" src=\"http:\/\/fahr-laessig.net\/wp-content\/uploads\/2020\/03\/MG_2685-1024x683.jpg\" alt=\"\" class=\"wp-image-1071\" srcset=\"http:\/\/fahr-laessig.net\/wp-content\/uploads\/2020\/03\/MG_2685-1024x683.jpg 1024w, http:\/\/fahr-laessig.net\/wp-content\/uploads\/2020\/03\/MG_2685-300x200.jpg 300w, http:\/\/fahr-laessig.net\/wp-content\/uploads\/2020\/03\/MG_2685-768x512.jpg 768w, http:\/\/fahr-laessig.net\/wp-content\/uploads\/2020\/03\/MG_2685-600x400.jpg 600w, http:\/\/fahr-laessig.net\/wp-content\/uploads\/2020\/03\/MG_2685-460x307.jpg 460w, http:\/\/fahr-laessig.net\/wp-content\/uploads\/2020\/03\/MG_2685-688x459.jpg 688w, http:\/\/fahr-laessig.net\/wp-content\/uploads\/2020\/03\/MG_2685.jpg 1200w\" sizes=\"(max-width: 1024px) 100vw, 1024px\" \/><\/figure>\n","protected":false},"excerpt":{"rendered":"<p>Tag 36 bis 42 Unser Zeitgef\u00fchl l\u00e4sst ein wenig nach. Wochentage sind irgendwie bedeutungslos, was bei l\u00e4ngeren Reisen ja durchaus mal vorkommen kann. Nun ist das Ganze aber schon ein wenig fortgeschrittener, weshalb wir uns nicht immer sicher sind, welcher Monat gerade ist. Es f\u00fchlt sich ein wenig surreal an. In den Medien herrscht immer [&hellip;]<\/p>\n","protected":false},"author":1,"featured_media":1072,"comment_status":"closed","ping_status":"open","sticky":false,"template":"","format":"standard","meta":[],"categories":[1],"tags":[],"_links":{"self":[{"href":"http:\/\/fahr-laessig.net\/index.php?rest_route=\/wp\/v2\/posts\/1069"}],"collection":[{"href":"http:\/\/fahr-laessig.net\/index.php?rest_route=\/wp\/v2\/posts"}],"about":[{"href":"http:\/\/fahr-laessig.net\/index.php?rest_route=\/wp\/v2\/types\/post"}],"author":[{"embeddable":true,"href":"http:\/\/fahr-laessig.net\/index.php?rest_route=\/wp\/v2\/users\/1"}],"replies":[{"embeddable":true,"href":"http:\/\/fahr-laessig.net\/index.php?rest_route=%2Fwp%2Fv2%2Fcomments&post=1069"}],"version-history":[{"count":30,"href":"http:\/\/fahr-laessig.net\/index.php?rest_route=\/wp\/v2\/posts\/1069\/revisions"}],"predecessor-version":[{"id":1167,"href":"http:\/\/fahr-laessig.net\/index.php?rest_route=\/wp\/v2\/posts\/1069\/revisions\/1167"}],"wp:featuredmedia":[{"embeddable":true,"href":"http:\/\/fahr-laessig.net\/index.php?rest_route=\/wp\/v2\/media\/1072"}],"wp:attachment":[{"href":"http:\/\/fahr-laessig.net\/index.php?rest_route=%2Fwp%2Fv2%2Fmedia&parent=1069"}],"wp:term":[{"taxonomy":"category","embeddable":true,"href":"http:\/\/fahr-laessig.net\/index.php?rest_route=%2Fwp%2Fv2%2Fcategories&post=1069"},{"taxonomy":"post_tag","embeddable":true,"href":"http:\/\/fahr-laessig.net\/index.php?rest_route=%2Fwp%2Fv2%2Ftags&post=1069"}],"curies":[{"name":"wp","href":"https:\/\/api.w.org\/{rel}","templated":true}]}}