{"id":1010,"date":"2020-03-15T21:50:00","date_gmt":"2020-03-15T19:50:00","guid":{"rendered":"http:\/\/fahr-laessig.net\/?p=1010"},"modified":"2020-04-03T17:25:57","modified_gmt":"2020-04-03T15:25:57","slug":"granada","status":"publish","type":"post","link":"http:\/\/fahr-laessig.net\/?p=1010","title":{"rendered":"Granada"},"content":{"rendered":"\n<p>Granada befand sich am l\u00e4ngsten unter islamischer Herrschaft, verglichen mit den restlichen Gebieten Spaniens. Am ehesten l\u00e4sst sich dies noch am Wahrzeichen der Stadt, der Alhambra erkennen. Die Stadt war einst ein bedeutendes Zentrum, verlor jedoch nach der Reconquista 1492 nicht nur wichtige wirtschaftliche Standbeine, wie die Seidenproduktion, sondern auch einen Teil ihrer Bev\u00f6lkerung. Juden fielen Pogromen zum Opfer, Muslime wurden vertrieben oder zu Morisken zwangsgetauft. Noch heute tanzen die damals ber\u00fchmten Moriskent\u00e4nzer am M\u00fcnchener Rathausturm, was jedoch hier nur am Rande erw\u00e4hnt sei. Mit den katholischen K\u00f6nigen wurde die Stadt christlich. Ein noch heute bestehendes Erzbistum wurde errichtet und eine eindrucksvolle Kathedrale erbaut. Heute ist Granada eine lebendige Stadt, viele junge Studenten bev\u00f6lkern die Stra\u00dfen und mit der sich dahinter erhebenden Sierra Nevada, liegt sie in eindrucksvoller Kulisse.<\/p>\n\n\n\n<figure class=\"is-layout-flex wp-block-gallery-1 wp-block-gallery columns-3 is-cropped\"><ul class=\"blocks-gallery-grid\"><li class=\"blocks-gallery-item\"><figure><a href=\"http:\/\/fahr-laessig.net\/wp-content\/uploads\/2020\/04\/IMG_1866-1024x683.jpg\"><img decoding=\"async\" loading=\"lazy\" width=\"1024\" height=\"683\" src=\"http:\/\/fahr-laessig.net\/wp-content\/uploads\/2020\/04\/IMG_1866-1024x683.jpg\" alt=\"\" data-id=\"1134\" data-link=\"http:\/\/fahr-laessig.net\/?attachment_id=1134\" class=\"wp-image-1134\" srcset=\"http:\/\/fahr-laessig.net\/wp-content\/uploads\/2020\/04\/IMG_1866-1024x683.jpg 1024w, http:\/\/fahr-laessig.net\/wp-content\/uploads\/2020\/04\/IMG_1866-300x200.jpg 300w, http:\/\/fahr-laessig.net\/wp-content\/uploads\/2020\/04\/IMG_1866-768x512.jpg 768w, http:\/\/fahr-laessig.net\/wp-content\/uploads\/2020\/04\/IMG_1866-600x400.jpg 600w, http:\/\/fahr-laessig.net\/wp-content\/uploads\/2020\/04\/IMG_1866-460x307.jpg 460w, http:\/\/fahr-laessig.net\/wp-content\/uploads\/2020\/04\/IMG_1866-688x459.jpg 688w, http:\/\/fahr-laessig.net\/wp-content\/uploads\/2020\/04\/IMG_1866.jpg 1200w\" sizes=\"(max-width: 1024px) 100vw, 1024px\" \/><\/a><\/figure><\/li><li class=\"blocks-gallery-item\"><figure><a href=\"http:\/\/fahr-laessig.net\/wp-content\/uploads\/2020\/04\/IMG_1777-1024x683.jpg\"><img decoding=\"async\" loading=\"lazy\" width=\"1024\" height=\"683\" src=\"http:\/\/fahr-laessig.net\/wp-content\/uploads\/2020\/04\/IMG_1777-1024x683.jpg\" alt=\"\" data-id=\"1135\" data-link=\"http:\/\/fahr-laessig.net\/?attachment_id=1135\" class=\"wp-image-1135\" srcset=\"http:\/\/fahr-laessig.net\/wp-content\/uploads\/2020\/04\/IMG_1777-1024x683.jpg 1024w, http:\/\/fahr-laessig.net\/wp-content\/uploads\/2020\/04\/IMG_1777-300x200.jpg 300w, http:\/\/fahr-laessig.net\/wp-content\/uploads\/2020\/04\/IMG_1777-768x512.jpg 768w, http:\/\/fahr-laessig.net\/wp-content\/uploads\/2020\/04\/IMG_1777-600x400.jpg 600w, http:\/\/fahr-laessig.net\/wp-content\/uploads\/2020\/04\/IMG_1777-460x307.jpg 460w, http:\/\/fahr-laessig.net\/wp-content\/uploads\/2020\/04\/IMG_1777-688x459.jpg 688w, http:\/\/fahr-laessig.net\/wp-content\/uploads\/2020\/04\/IMG_1777.jpg 1200w\" sizes=\"(max-width: 1024px) 100vw, 1024px\" \/><\/a><\/figure><\/li><li class=\"blocks-gallery-item\"><figure><a href=\"http:\/\/fahr-laessig.net\/wp-content\/uploads\/2020\/04\/IMG_1775-1024x683.jpg\"><img decoding=\"async\" loading=\"lazy\" width=\"1024\" height=\"683\" src=\"http:\/\/fahr-laessig.net\/wp-content\/uploads\/2020\/04\/IMG_1775-1024x683.jpg\" alt=\"\" data-id=\"1136\" data-link=\"http:\/\/fahr-laessig.net\/?attachment_id=1136\" class=\"wp-image-1136\" srcset=\"http:\/\/fahr-laessig.net\/wp-content\/uploads\/2020\/04\/IMG_1775-1024x683.jpg 1024w, http:\/\/fahr-laessig.net\/wp-content\/uploads\/2020\/04\/IMG_1775-300x200.jpg 300w, http:\/\/fahr-laessig.net\/wp-content\/uploads\/2020\/04\/IMG_1775-768x512.jpg 768w, http:\/\/fahr-laessig.net\/wp-content\/uploads\/2020\/04\/IMG_1775-600x400.jpg 600w, http:\/\/fahr-laessig.net\/wp-content\/uploads\/2020\/04\/IMG_1775-460x307.jpg 460w, http:\/\/fahr-laessig.net\/wp-content\/uploads\/2020\/04\/IMG_1775-688x459.jpg 688w, http:\/\/fahr-laessig.net\/wp-content\/uploads\/2020\/04\/IMG_1775.jpg 1200w\" sizes=\"(max-width: 1024px) 100vw, 1024px\" \/><\/a><\/figure><\/li><li class=\"blocks-gallery-item\"><figure><a href=\"http:\/\/fahr-laessig.net\/wp-content\/uploads\/2020\/04\/IMG_1785-1024x683.jpg\"><img decoding=\"async\" loading=\"lazy\" width=\"1024\" height=\"683\" src=\"http:\/\/fahr-laessig.net\/wp-content\/uploads\/2020\/04\/IMG_1785-1024x683.jpg\" alt=\"\" data-id=\"1137\" data-link=\"http:\/\/fahr-laessig.net\/?attachment_id=1137\" class=\"wp-image-1137\" srcset=\"http:\/\/fahr-laessig.net\/wp-content\/uploads\/2020\/04\/IMG_1785-1024x683.jpg 1024w, http:\/\/fahr-laessig.net\/wp-content\/uploads\/2020\/04\/IMG_1785-300x200.jpg 300w, http:\/\/fahr-laessig.net\/wp-content\/uploads\/2020\/04\/IMG_1785-768x512.jpg 768w, http:\/\/fahr-laessig.net\/wp-content\/uploads\/2020\/04\/IMG_1785-600x400.jpg 600w, http:\/\/fahr-laessig.net\/wp-content\/uploads\/2020\/04\/IMG_1785-460x307.jpg 460w, http:\/\/fahr-laessig.net\/wp-content\/uploads\/2020\/04\/IMG_1785-688x459.jpg 688w, http:\/\/fahr-laessig.net\/wp-content\/uploads\/2020\/04\/IMG_1785.jpg 1200w\" sizes=\"(max-width: 1024px) 100vw, 1024px\" \/><\/a><\/figure><\/li><li class=\"blocks-gallery-item\"><figure><a href=\"http:\/\/fahr-laessig.net\/wp-content\/uploads\/2020\/04\/IMG_1850-1024x683.jpg\"><img decoding=\"async\" loading=\"lazy\" width=\"1024\" height=\"683\" src=\"http:\/\/fahr-laessig.net\/wp-content\/uploads\/2020\/04\/IMG_1850-1024x683.jpg\" alt=\"\" data-id=\"1138\" data-link=\"http:\/\/fahr-laessig.net\/?attachment_id=1138\" class=\"wp-image-1138\" srcset=\"http:\/\/fahr-laessig.net\/wp-content\/uploads\/2020\/04\/IMG_1850-1024x683.jpg 1024w, http:\/\/fahr-laessig.net\/wp-content\/uploads\/2020\/04\/IMG_1850-300x200.jpg 300w, http:\/\/fahr-laessig.net\/wp-content\/uploads\/2020\/04\/IMG_1850-768x512.jpg 768w, http:\/\/fahr-laessig.net\/wp-content\/uploads\/2020\/04\/IMG_1850-600x400.jpg 600w, http:\/\/fahr-laessig.net\/wp-content\/uploads\/2020\/04\/IMG_1850-460x307.jpg 460w, http:\/\/fahr-laessig.net\/wp-content\/uploads\/2020\/04\/IMG_1850-688x459.jpg 688w, http:\/\/fahr-laessig.net\/wp-content\/uploads\/2020\/04\/IMG_1850.jpg 1200w\" sizes=\"(max-width: 1024px) 100vw, 1024px\" \/><\/a><\/figure><\/li><li class=\"blocks-gallery-item\"><figure><a href=\"http:\/\/fahr-laessig.net\/wp-content\/uploads\/2020\/04\/IMG_1852-1024x683.jpg\"><img decoding=\"async\" loading=\"lazy\" width=\"1024\" height=\"683\" src=\"http:\/\/fahr-laessig.net\/wp-content\/uploads\/2020\/04\/IMG_1852-1024x683.jpg\" alt=\"\" data-id=\"1139\" data-link=\"http:\/\/fahr-laessig.net\/?attachment_id=1139\" class=\"wp-image-1139\" srcset=\"http:\/\/fahr-laessig.net\/wp-content\/uploads\/2020\/04\/IMG_1852-1024x683.jpg 1024w, http:\/\/fahr-laessig.net\/wp-content\/uploads\/2020\/04\/IMG_1852-300x200.jpg 300w, http:\/\/fahr-laessig.net\/wp-content\/uploads\/2020\/04\/IMG_1852-768x512.jpg 768w, http:\/\/fahr-laessig.net\/wp-content\/uploads\/2020\/04\/IMG_1852-600x400.jpg 600w, http:\/\/fahr-laessig.net\/wp-content\/uploads\/2020\/04\/IMG_1852-460x307.jpg 460w, http:\/\/fahr-laessig.net\/wp-content\/uploads\/2020\/04\/IMG_1852-688x459.jpg 688w, http:\/\/fahr-laessig.net\/wp-content\/uploads\/2020\/04\/IMG_1852.jpg 1200w\" sizes=\"(max-width: 1024px) 100vw, 1024px\" \/><\/a><\/figure><\/li><\/ul><\/figure>\n","protected":false},"excerpt":{"rendered":"<p>Granada befand sich am l\u00e4ngsten unter islamischer Herrschaft, verglichen mit den restlichen Gebieten Spaniens. Am ehesten l\u00e4sst sich dies noch am Wahrzeichen der Stadt, der Alhambra erkennen. Die Stadt war einst ein bedeutendes Zentrum, verlor jedoch nach der Reconquista 1492 nicht nur wichtige wirtschaftliche Standbeine, wie die Seidenproduktion, sondern auch einen Teil ihrer Bev\u00f6lkerung. Juden [&hellip;]<\/p>\n","protected":false},"author":1,"featured_media":1140,"comment_status":"closed","ping_status":"open","sticky":false,"template":"","format":"standard","meta":[],"categories":[9,1],"tags":[],"_links":{"self":[{"href":"http:\/\/fahr-laessig.net\/index.php?rest_route=\/wp\/v2\/posts\/1010"}],"collection":[{"href":"http:\/\/fahr-laessig.net\/index.php?rest_route=\/wp\/v2\/posts"}],"about":[{"href":"http:\/\/fahr-laessig.net\/index.php?rest_route=\/wp\/v2\/types\/post"}],"author":[{"embeddable":true,"href":"http:\/\/fahr-laessig.net\/index.php?rest_route=\/wp\/v2\/users\/1"}],"replies":[{"embeddable":true,"href":"http:\/\/fahr-laessig.net\/index.php?rest_route=%2Fwp%2Fv2%2Fcomments&post=1010"}],"version-history":[{"count":5,"href":"http:\/\/fahr-laessig.net\/index.php?rest_route=\/wp\/v2\/posts\/1010\/revisions"}],"predecessor-version":[{"id":1142,"href":"http:\/\/fahr-laessig.net\/index.php?rest_route=\/wp\/v2\/posts\/1010\/revisions\/1142"}],"wp:featuredmedia":[{"embeddable":true,"href":"http:\/\/fahr-laessig.net\/index.php?rest_route=\/wp\/v2\/media\/1140"}],"wp:attachment":[{"href":"http:\/\/fahr-laessig.net\/index.php?rest_route=%2Fwp%2Fv2%2Fmedia&parent=1010"}],"wp:term":[{"taxonomy":"category","embeddable":true,"href":"http:\/\/fahr-laessig.net\/index.php?rest_route=%2Fwp%2Fv2%2Fcategories&post=1010"},{"taxonomy":"post_tag","embeddable":true,"href":"http:\/\/fahr-laessig.net\/index.php?rest_route=%2Fwp%2Fv2%2Ftags&post=1010"}],"curies":[{"name":"wp","href":"https:\/\/api.w.org\/{rel}","templated":true}]}}